{"id":45284,"date":"2024-04-30T18:12:47","date_gmt":"2024-04-30T18:12:47","guid":{"rendered":"http:\/\/lahora.mx\/?p=45284"},"modified":"2024-04-30T18:13:25","modified_gmt":"2024-04-30T18:13:25","slug":"analizan-instalacion-de-parquimetros-en-estacionamientos-de-los-estadios","status":"publish","type":"post","link":"https:\/\/lahora.mx\/index.php\/2024\/04\/30\/analizan-instalacion-de-parquimetros-en-estacionamientos-de-los-estadios\/","title":{"rendered":"Gobierno de Puebla analiza la instalaci\u00f3n de parqu\u00edmetros en estacionamientos de los estadios"},"content":{"rendered":"\n<p>El gobierno del estado de Puebla no descart\u00f3 la instalaci\u00f3n del sistema de parqu\u00edmetros en los la zona de los estadios Cuauht\u00e9moc y Hermanos Serd\u00e1n, el cual ayudar\u00e1 a tener un mayor control con los automovilistas.<\/p>\n\n\n\n<p>El mandatario estatal, Sergio Salom\u00f3n C\u00e9spedes Peregrina, dijo que se trabaja en coordinaci\u00f3n con la Secretar\u00eda de Gobernaci\u00f3n (Segob) y poder \u00abagilizar el tema\u00bb.<\/p>\n\n\n\n<p>Se\u00f1al\u00f3 que hasta el momento no han tenido alguna agresi\u00f3n o conflicto con las personas que acudan a los partidos de futbol o de beisbol, adem\u00e1s de que se mantiene una constante vigilancia durante los eventos.<\/p>\n\n\n\n<p>Ha habido agresiones por estacionamiento en estadios<\/p>\n\n\n\n<p>En septiembre del a\u00f1o pasado, una familia denunci\u00f3 que unos franeleros les exig\u00edan una cuota de 50 pesos por estacionarse; sin embargo, s\u00f3lo ofreci\u00f3 10 pesos.<\/p>\n\n\n\n<p>Los sujetos se negaron a aceptar dicha cantidad y procedieron a agredir a la familia y golpearon a ni\u00f1os y personas de la tercera edad.<\/p>\n\n\n\n<p>Los agraviados denunciaron los hechos en redes sociales, donde incluso compartieron videos de algunos de los involucrados, as\u00ed como los destrozos que ocasionaron a la camioneta en la que las v\u00edctimas viajaban.<\/p>\n\n\n\n<p>Es de mencionar que en un principio se planteaba entregar la concesi\u00f3n a una empresa para que se hiciera cargo de la administraci\u00f3n de los estacionamientos, no obstante, ahora se analiza otra estrategia como parqu\u00edmetros, lo cual ser\u00eda administrado por una empresa privada.<\/p>\n","protected":false},"excerpt":{"rendered":"<p>El gobierno del estado de Puebla no descart\u00f3 la instalaci\u00f3n del sistema de parqu\u00edmetros en los la zona de los estadios Cuauht\u00e9moc y Hermanos Serd\u00e1n, el cual ayudar\u00e1 a tener un mayor control con los automovilistas. El mandatario estatal, Sergio Salom\u00f3n C\u00e9spedes Peregrina, dijo que se trabaja en coordinaci\u00f3n con la Secretar\u00eda de Gobernaci\u00f3n (Segob) [&hellip;]<\/p>\n","protected":false},"author":4,"featured_media":45285,"comment_status":"open","ping_status":"open","sticky":false,"template":"","format":"standard","meta":{"om_disable_all_campaigns":false,"_monsterinsights_skip_tracking":false,"_monsterinsights_sitenote_active":false,"_monsterinsights_sitenote_note":"","_monsterinsights_sitenote_category":0,"footnotes":""},"categories":[175],"tags":[195,223],"class_list":["post-45284","post","type-post","status-publish","format-standard","has-post-thumbnail","hentry","category-local","tag-principal","tag-puebla"],"amp_enabled":true,"_links":{"self":[{"href":"https:\/\/lahora.mx\/index.php\/wp-json\/wp\/v2\/posts\/45284","targetHints":{"allow":["GET"]}}],"collection":[{"href":"https:\/\/lahora.mx\/index.php\/wp-json\/wp\/v2\/posts"}],"about":[{"href":"https:\/\/lahora.mx\/index.php\/wp-json\/wp\/v2\/types\/post"}],"author":[{"embeddable":true,"href":"https:\/\/lahora.mx\/index.php\/wp-json\/wp\/v2\/users\/4"}],"replies":[{"embeddable":true,"href":"https:\/\/lahora.mx\/index.php\/wp-json\/wp\/v2\/comments?post=45284"}],"version-history":[{"count":2,"href":"https:\/\/lahora.mx\/index.php\/wp-json\/wp\/v2\/posts\/45284\/revisions"}],"predecessor-version":[{"id":45287,"href":"https:\/\/lahora.mx\/index.php\/wp-json\/wp\/v2\/posts\/45284\/revisions\/45287"}],"wp:featuredmedia":[{"embeddable":true,"href":"https:\/\/lahora.mx\/index.php\/wp-json\/wp\/v2\/media\/45285"}],"wp:attachment":[{"href":"https:\/\/lahora.mx\/index.php\/wp-json\/wp\/v2\/media?parent=45284"}],"wp:term":[{"taxonomy":"category","embeddable":true,"href":"https:\/\/lahora.mx\/index.php\/wp-json\/wp\/v2\/categories?post=45284"},{"taxonomy":"post_tag","embeddable":true,"href":"https:\/\/lahora.mx\/index.php\/wp-json\/wp\/v2\/tags?post=45284"}],"curies":[{"name":"wp","href":"https:\/\/api.w.org\/{rel}","templated":true}]}}