{"id":45270,"date":"2024-04-30T02:18:54","date_gmt":"2024-04-30T02:18:54","guid":{"rendered":"http:\/\/lahora.mx\/?p=45270"},"modified":"2024-04-30T02:18:55","modified_gmt":"2024-04-30T02:18:55","slug":"110-menores-han-sido-violentados-en-puebla-durante-los-ultimos-tres-meses","status":"publish","type":"post","link":"https:\/\/lahora.mx\/index.php\/2024\/04\/30\/110-menores-han-sido-violentados-en-puebla-durante-los-ultimos-tres-meses\/","title":{"rendered":"110 menores han sido violentados en Puebla durante los \u00faltimos tres meses"},"content":{"rendered":"\n<p>En v\u00edsperas del D\u00eda del Ni\u00f1o, en el estado de Puebla 110 menores de edad han sido violentados durante el primer trimestre del a\u00f1o, de los cuales 6 fueron privados de la vida, principalmente por arma de fuego, as\u00ed lo desglosan datos del gobierno federal.<\/p>\n\n\n\n<p>De acuerdo con el desglose de datos disponibles en la plataforma del Secretariado Ejecutivo del Sistema Nacional de Seguridad P\u00fablica (SESNSP), 44 ni\u00f1as y 60 ni\u00f1os han sido v\u00edctimas de ataques perpetrados con armas de fuego o golpes por sus agresores, pero sobrevivieron.<\/p>\n\n\n\n<p>Con respecto a las ni\u00f1as, una menor fue atacada con un arma de fuego y 43 fueron golpeadas durante los primeros tres meses del 2024.<\/p>\n\n\n\n<p>De igual forma se registr\u00f3 un menor v\u00edctima de un ataque perpetrado con arma de fuego, dos apu\u00f1alados y 57 atacados con un arma blanca.<\/p>\n\n\n\n<p>El gobierno federal tambi\u00e9n desglos\u00f3 que seis menores de edad fueron asesinados durante dicho periodo. Los datos se\u00f1alan que tres ni\u00f1os fueron ultimados con arma de fuego y uno m\u00e1s fue asesinado a golpes.<\/p>\n\n\n\n<p>Respecto a las ni\u00f1as, se contabilizaron dos casos, una menor v\u00edctima de un ataque con arma de fuego y otra a golpes.<\/p>\n","protected":false},"excerpt":{"rendered":"<p>En v\u00edsperas del D\u00eda del Ni\u00f1o, en el estado de Puebla 110 menores de edad han sido violentados durante el primer trimestre del a\u00f1o, de los cuales 6 fueron privados de la vida, principalmente por arma de fuego, as\u00ed lo desglosan datos del gobierno federal. De acuerdo con el desglose de datos disponibles en la [&hellip;]<\/p>\n","protected":false},"author":4,"featured_media":45271,"comment_status":"open","ping_status":"open","sticky":false,"template":"","format":"standard","meta":{"om_disable_all_campaigns":false,"_monsterinsights_skip_tracking":false,"_monsterinsights_sitenote_active":false,"_monsterinsights_sitenote_note":"","_monsterinsights_sitenote_category":0,"footnotes":""},"categories":[175],"tags":[223],"class_list":["post-45270","post","type-post","status-publish","format-standard","has-post-thumbnail","hentry","category-local","tag-puebla"],"amp_enabled":true,"_links":{"self":[{"href":"https:\/\/lahora.mx\/index.php\/wp-json\/wp\/v2\/posts\/45270","targetHints":{"allow":["GET"]}}],"collection":[{"href":"https:\/\/lahora.mx\/index.php\/wp-json\/wp\/v2\/posts"}],"about":[{"href":"https:\/\/lahora.mx\/index.php\/wp-json\/wp\/v2\/types\/post"}],"author":[{"embeddable":true,"href":"https:\/\/lahora.mx\/index.php\/wp-json\/wp\/v2\/users\/4"}],"replies":[{"embeddable":true,"href":"https:\/\/lahora.mx\/index.php\/wp-json\/wp\/v2\/comments?post=45270"}],"version-history":[{"count":1,"href":"https:\/\/lahora.mx\/index.php\/wp-json\/wp\/v2\/posts\/45270\/revisions"}],"predecessor-version":[{"id":45272,"href":"https:\/\/lahora.mx\/index.php\/wp-json\/wp\/v2\/posts\/45270\/revisions\/45272"}],"wp:featuredmedia":[{"embeddable":true,"href":"https:\/\/lahora.mx\/index.php\/wp-json\/wp\/v2\/media\/45271"}],"wp:attachment":[{"href":"https:\/\/lahora.mx\/index.php\/wp-json\/wp\/v2\/media?parent=45270"}],"wp:term":[{"taxonomy":"category","embeddable":true,"href":"https:\/\/lahora.mx\/index.php\/wp-json\/wp\/v2\/categories?post=45270"},{"taxonomy":"post_tag","embeddable":true,"href":"https:\/\/lahora.mx\/index.php\/wp-json\/wp\/v2\/tags?post=45270"}],"curies":[{"name":"wp","href":"https:\/\/api.w.org\/{rel}","templated":true}]}}