{"id":45261,"date":"2024-04-30T02:14:18","date_gmt":"2024-04-30T02:14:18","guid":{"rendered":"http:\/\/lahora.mx\/?p=45261"},"modified":"2024-04-30T02:14:18","modified_gmt":"2024-04-30T02:14:18","slug":"desaparece-en-morelos-obispo-emerito-de-chilpancingo-salvador-rangel","status":"publish","type":"post","link":"https:\/\/lahora.mx\/index.php\/2024\/04\/30\/desaparece-en-morelos-obispo-emerito-de-chilpancingo-salvador-rangel\/","title":{"rendered":"Desaparece en Morelos obispo em\u00e9rito de Chilpancingo Salvador Rangel"},"content":{"rendered":"\n<p>El obispo em\u00e9rito de Chilpancingo, Guerrero, Salvador Rangel Mendoza, fue reportado como desaparecido la tarde de este lunes, as\u00ed lo dio a conocer la Conferencia del Episcopado Mexicano (CEM); aunque horas m\u00e1s tarde se report\u00f3 que fue localizado.<\/p>\n\n\n\n<p>La instituci\u00f3n religiosa conformada por obispos mexicanos colegiados inform\u00f3 a trav\u00e9s de un comunicado en redes sociales que se desconoc\u00eda el paradero de Salvador Rangel, ya que no han tenido noticias del cl\u00e9rigo desde el 27 de abril.<\/p>\n\n\n\n<p>La CEM asegur\u00f3 que fue iniciada una carpeta de investigaci\u00f3n por parte de la Fiscal\u00eda General del Estado de Morelos, provincia donde radicaba el obispo em\u00e9rito Rangel Mendoza.<\/p>\n\n\n\n<p>Hasta el momento no se sabe si fue un grupo criminal quien priv\u00f3 de su libertad a Salvador Rangel, pero el peri\u00f3dico Milenio, a pocos minutos de que se diera a conocer la noticia, se\u00f1al\u00f3 que el cl\u00e9rigo hab\u00eda recibido amenazas.<\/p>\n\n\n\n<p>El obispo em\u00e9rito de 77 a\u00f1os de edad es reconocido por dedicar su vida a mediar, en estos \u00faltimos meses, entre los grupos delictivos conocidos como Los Ardillos y Los Tlacos, en Guerrero.<\/p>\n\n\n\n<p>El estado de salud del obispo Salvador Rangel es delicado, se\u00f1al\u00f3 el Episcopado Mexicano, ya que toma medicamentos, por ello pidieron que en caso de que lo tengan algunos captores, le den acceso a los f\u00e1rmacos que necesita.<\/p>\n\n\n\n<p>No obstante, monse\u00f1or Salvador Rangel fue localizado horas despu\u00e9s, de acuerdo con el CEM; se precis\u00f3 que el religioso fue trasladado al Hospital General \u201cDr. Jos\u00e9 G. Parres\u201d, en Cuernavaca, Morelos, para que fuera valorado.<\/p>\n","protected":false},"excerpt":{"rendered":"<p>El obispo em\u00e9rito de Chilpancingo, Guerrero, Salvador Rangel Mendoza, fue reportado como desaparecido la tarde de este lunes, as\u00ed lo dio a conocer la Conferencia del Episcopado Mexicano (CEM); aunque horas m\u00e1s tarde se report\u00f3 que fue localizado. La instituci\u00f3n religiosa conformada por obispos mexicanos colegiados inform\u00f3 a trav\u00e9s de un comunicado en redes sociales [&hellip;]<\/p>\n","protected":false},"author":4,"featured_media":45262,"comment_status":"open","ping_status":"open","sticky":false,"template":"","format":"standard","meta":{"om_disable_all_campaigns":false,"_monsterinsights_skip_tracking":false,"_monsterinsights_sitenote_active":false,"_monsterinsights_sitenote_note":"","_monsterinsights_sitenote_category":0,"footnotes":""},"categories":[176,226],"tags":[195,223],"class_list":["post-45261","post","type-post","status-publish","format-standard","has-post-thumbnail","hentry","category-nacional","category-policia","tag-principal","tag-puebla"],"amp_enabled":true,"_links":{"self":[{"href":"https:\/\/lahora.mx\/index.php\/wp-json\/wp\/v2\/posts\/45261","targetHints":{"allow":["GET"]}}],"collection":[{"href":"https:\/\/lahora.mx\/index.php\/wp-json\/wp\/v2\/posts"}],"about":[{"href":"https:\/\/lahora.mx\/index.php\/wp-json\/wp\/v2\/types\/post"}],"author":[{"embeddable":true,"href":"https:\/\/lahora.mx\/index.php\/wp-json\/wp\/v2\/users\/4"}],"replies":[{"embeddable":true,"href":"https:\/\/lahora.mx\/index.php\/wp-json\/wp\/v2\/comments?post=45261"}],"version-history":[{"count":1,"href":"https:\/\/lahora.mx\/index.php\/wp-json\/wp\/v2\/posts\/45261\/revisions"}],"predecessor-version":[{"id":45263,"href":"https:\/\/lahora.mx\/index.php\/wp-json\/wp\/v2\/posts\/45261\/revisions\/45263"}],"wp:featuredmedia":[{"embeddable":true,"href":"https:\/\/lahora.mx\/index.php\/wp-json\/wp\/v2\/media\/45262"}],"wp:attachment":[{"href":"https:\/\/lahora.mx\/index.php\/wp-json\/wp\/v2\/media?parent=45261"}],"wp:term":[{"taxonomy":"category","embeddable":true,"href":"https:\/\/lahora.mx\/index.php\/wp-json\/wp\/v2\/categories?post=45261"},{"taxonomy":"post_tag","embeddable":true,"href":"https:\/\/lahora.mx\/index.php\/wp-json\/wp\/v2\/tags?post=45261"}],"curies":[{"name":"wp","href":"https:\/\/api.w.org\/{rel}","templated":true}]}}