{"id":452,"date":"2021-12-06T00:29:55","date_gmt":"2021-12-06T00:29:55","guid":{"rendered":"http:\/\/lahora.mx\/?p=452"},"modified":"2021-12-06T00:29:55","modified_gmt":"2021-12-06T00:29:55","slug":"varios-muertos-por-la-erupcion-del-volcan-semeru-en-indonesia","status":"publish","type":"post","link":"https:\/\/lahora.mx\/index.php\/2021\/12\/06\/varios-muertos-por-la-erupcion-del-volcan-semeru-en-indonesia\/","title":{"rendered":"Varios muertos por la erupci\u00f3n del volc\u00e1n Semeru en Indonesia"},"content":{"rendered":"<p>El subjefe del distrito de Lumajang, Indah Masdar, dijo en una conferencia de prensa que una persona falleci\u00f3 y 41 personas hab\u00edan sufrido quemaduras.<\/p>\n<p>El volc\u00e1n Semeru, en la isla indonesia de Java, entr\u00f3 en erupci\u00f3n el s\u00e1bado, causando la muerte de una persona y heridas a otras 41 mientras arrojaba enormes nubes de humo y ceniza, dijeron las autoridades.<\/p>\n<p>Videos compartidos por los funcionarios de emergencia mostraron a los residentes corriendo mientras enormes columnas de humo y cenizas cubr\u00edan las aldeas cercanas en la provincia de Java Oriental.<\/p>\n<p>El subjefe del distrito de Lumajang, Indah Masdar, dijo en una conferencia de prensa que una persona falleci\u00f3 y 41 personas hab\u00edan sufrido quemaduras.<\/p>\n<blockquote class=\"twitter-tweet\">\n<p dir=\"ltr\" lang=\"in\">BREAKING: Large eruption at Indonesia&#8217;s Mount Semeru <a href=\"https:\/\/t.co\/UO78ZekatP\">pic.twitter.com\/UO78ZekatP<\/a><\/p>\n<p>\u2014 BNO News (@BNONews) <a href=\"https:\/\/twitter.com\/BNONews\/status\/1467073613828345858?ref_src=twsrc%5Etfw\">December 4, 2021<\/a><\/p><\/blockquote>\n<p><script async src=\"https:\/\/platform.twitter.com\/widgets.js\" charset=\"utf-8\"><\/script><\/p>\n<p>Las autoridades estaban instalando carpas de evacuaci\u00f3n, dijo la agencia de mitigaci\u00f3n de desastres del pa\u00eds (BNPB). No obstante, las evacuaciones se han visto obstaculizadas por un denso humo, dijo el jefe de BNPB, Suharyanto.<\/p>\n<p>AirNav Indonesia, que controla el espacio a\u00e9reo de Indonesia, dijo en un comunicado que la erupci\u00f3n no \u201ccaus\u00f3 un impacto significativo\u201d en los vuelos.<\/p>\n<p>Semeru, el m\u00e1s alto de la isla de Java, es uno de los casi 130 volcanes activos de Indonesia. Ya entr\u00f3 en erupci\u00f3n en enero sin causar v\u00edctimas.<\/p>\n<p>&nbsp;<\/p>\n<p><a href=\"https:\/\/www.forbes.com.mx\/volcan-semeru-de-indonesia-arroja-ceniza-y-deja-un-muerto-y-41-heridos\/\">Fuente: Forbes<\/a><\/p>\n","protected":false},"excerpt":{"rendered":"<p>El subjefe del distrito de Lumajang, Indah Masdar, dijo en una conferencia de prensa que una persona falleci\u00f3 y 41 personas hab\u00edan sufrido quemaduras. El volc\u00e1n Semeru, en la isla indonesia de Java, entr\u00f3 en erupci\u00f3n el s\u00e1bado, causando la muerte de una persona y heridas a otras 41 mientras arrojaba enormes nubes de humo [&hellip;]<\/p>\n","protected":false},"author":1,"featured_media":453,"comment_status":"open","ping_status":"open","sticky":false,"template":"","format":"standard","meta":{"om_disable_all_campaigns":false,"_monsterinsights_skip_tracking":false,"_monsterinsights_sitenote_active":false,"_monsterinsights_sitenote_note":"","_monsterinsights_sitenote_category":0,"footnotes":""},"categories":[183],"tags":[],"class_list":["post-452","post","type-post","status-publish","format-standard","has-post-thumbnail","hentry","category-internacional"],"amp_enabled":true,"_links":{"self":[{"href":"https:\/\/lahora.mx\/index.php\/wp-json\/wp\/v2\/posts\/452","targetHints":{"allow":["GET"]}}],"collection":[{"href":"https:\/\/lahora.mx\/index.php\/wp-json\/wp\/v2\/posts"}],"about":[{"href":"https:\/\/lahora.mx\/index.php\/wp-json\/wp\/v2\/types\/post"}],"author":[{"embeddable":true,"href":"https:\/\/lahora.mx\/index.php\/wp-json\/wp\/v2\/users\/1"}],"replies":[{"embeddable":true,"href":"https:\/\/lahora.mx\/index.php\/wp-json\/wp\/v2\/comments?post=452"}],"version-history":[{"count":1,"href":"https:\/\/lahora.mx\/index.php\/wp-json\/wp\/v2\/posts\/452\/revisions"}],"predecessor-version":[{"id":454,"href":"https:\/\/lahora.mx\/index.php\/wp-json\/wp\/v2\/posts\/452\/revisions\/454"}],"wp:featuredmedia":[{"embeddable":true,"href":"https:\/\/lahora.mx\/index.php\/wp-json\/wp\/v2\/media\/453"}],"wp:attachment":[{"href":"https:\/\/lahora.mx\/index.php\/wp-json\/wp\/v2\/media?parent=452"}],"wp:term":[{"taxonomy":"category","embeddable":true,"href":"https:\/\/lahora.mx\/index.php\/wp-json\/wp\/v2\/categories?post=452"},{"taxonomy":"post_tag","embeddable":true,"href":"https:\/\/lahora.mx\/index.php\/wp-json\/wp\/v2\/tags?post=452"}],"curies":[{"name":"wp","href":"https:\/\/api.w.org\/{rel}","templated":true}]}}