{"id":45068,"date":"2024-04-26T22:45:33","date_gmt":"2024-04-26T22:45:33","guid":{"rendered":"http:\/\/lahora.mx\/?p=45068"},"modified":"2024-04-26T22:45:33","modified_gmt":"2024-04-26T22:45:33","slug":"dreamers-poblanas-temen-por-su-futuro-si-donald-trump-gana-las-elecciones","status":"publish","type":"post","link":"https:\/\/lahora.mx\/index.php\/2024\/04\/26\/dreamers-poblanas-temen-por-su-futuro-si-donald-trump-gana-las-elecciones\/","title":{"rendered":"&#8216;Dreamers&#8217; poblanas temen por su futuro si Donald Trump gana las elecciones"},"content":{"rendered":"\n<p>Cuatro poblanas beneficiadas con el programa de Acci\u00f3n Diferida para los Llegados en la Infancia (DACA, por sus siglas en ingl\u00e9s) se reunieron con sus familias en M\u00e9xico gracias a un salvoconducto tramitado por la Universidad Iberoamericana Puebla y otros colegios en Estados Unidos. Durante su estad\u00eda, las j\u00f3venes dreamers alertaron sobre el clima de incertidumbre que se vive en aquel pa\u00eds frente a la posibilidad de que el expresidente republicano Donald Trump recupere la direcci\u00f3n de la naci\u00f3n y cumpla su palabra de desaparecer dicha pol\u00edtica p\u00fablica.<\/p>\n\n\n\n<p>Con la iniciativa Di\u00e1logos Binacionales: Construyendo comunidades m\u00e1s fuertes a trav\u00e9s de fronteras, la universidad jesuita permiti\u00f3 por primera vez a un grupo de 31 j\u00f3venes mexicanos que emigraron a Estados Unidos durante su infancia volver a su pa\u00eds natal por 10 d\u00edas. Entre ellos viajaron cuatro poblanas originarias de la Mixteca baja, quienes compartieron las dificultades que enfrenta la poblaci\u00f3n migrante en ese pa\u00eds durante los tiempos electorales.<br><\/p>\n\n\n\n<p>La campa\u00f1a presidencial en el pa\u00eds vecino se vive con intranquilidad y preocupaci\u00f3n para quienes no son residentes y ciudadanos estadounidenses, afirma Ariana Mu\u00f1iz, estudiante universitaria originaria de Tecomatl\u00e1n, Puebla, quien ahora vive en Brooklyn, Nueva York.<\/p>\n\n\n\n<p>En entrevista con El Sol de Puebla, la joven dreamer \u2013como se le conoce a los beneficiarios del programa DACA\u2013 lamenta que dicho programa sea utilizado como un instrumento pol\u00edtico para obtener votos, tanto del partido Republicano, como del Dem\u00f3crata, este \u00faltimo del cual emana el actual presidente estadounidense Joe Biden.<\/p>\n\n\n\n<p>\u201cNuestro futuro est\u00e1 en juego\u201d, repite Mu\u00f1iz, quien se\u00f1ala que las declaraciones recientes del candidato Trump, quien advirti\u00f3 a finales del a\u00f1o pasado que, de ganar la elecci\u00f3n, comenzar\u00e1 un proceso de deportaci\u00f3n masiva, han alertado a la comunidad migrante en Estados Unidos. Lo anterior debido a que el ahora expresidente ya logr\u00f3 una vez frenar la emisi\u00f3n de nuevos permisos DACA durante la administraci\u00f3n que encabez\u00f3 entre 2017 y 2021.<br><\/p>\n\n\n\n<p>Esta situaci\u00f3n se agrava frente a las limitaciones que institucionalmente obstaculizan la regularizaci\u00f3n de la poblaci\u00f3n migrante, sostiene la joven originaria de Tecomatl\u00e1n.<\/p>\n\n\n\n<p>Para Maricruz Flores, quien naci\u00f3 en Acatl\u00e1n de Osorio y migr\u00f3 hace m\u00e1s de dos d\u00e9cadas a Nueva York, donde form\u00f3 una familia, el temor latente de perder dicho permiso se intensific\u00f3 en los \u00faltimos meses, cuando vio que las posibilidades de que el exmandatario dirija nuevamente la naci\u00f3n se hicieron m\u00e1s fuertes, seg\u00fan demostraron algunas encuestas en ese pa\u00eds.<\/p>\n\n\n\n<p>Seg\u00fan la joven poblana, mantener la vigencia activa del programa DACA es de por s\u00ed una experiencia dif\u00edcil, pues t\u00e9cnicamente hasta el m\u00ednimo error, como una multa de tr\u00e1nsito, puede poner en riesgo legal a los dreamers. Ahora, con las amenazas del candidato republicano y conservador, insiste, la preocupaci\u00f3n entre la poblaci\u00f3n migrante se ha hecho patente.<\/p>\n\n\n\n<p>\u201cHay miedo, porque nosotros renovamos DACA cada dos a\u00f1os, pero cada vez da m\u00e1s miedo que no nos lo aprueben. Vivimos con ese miedo de que no nos vayan a poner ticket (infracci\u00f3n de tr\u00e1nsito), por eso siempre tenemos mucho cuidado con todo lo que hacemos (\u2026) Yo no aplicaba a clases de danza por el miedo de que me regresaran a M\u00e9xico\u201d, relata.<\/p>\n\n\n\n<p>Adem\u00e1s, Flores resalta que la inquietud de perder esta condici\u00f3n legal se suma a los retos emocionales que implica el hecho de que institucional y socialmente a j\u00f3venes como ella se les criminalice, pese a que lo \u00fanico que conocen desde su infancia ha sido crecer en Estados Unidos. \u201cSiempre he tenido problema con identificarme con ser mexicana o americana\u201d, refiere.<br><\/p>\n\n\n\n<p>Para ella, quien se reencontr\u00f3 con su abuelo y sus t\u00edos en una emotiva celebraci\u00f3n organizada por la Ibero Puebla, la falta de certidumbre sobre su estatus migratorio en la naci\u00f3n en la que pr\u00e1cticamente se cri\u00f3 es una amenaza hacia su identidad y libertades.<\/p>\n\n\n\n<p>\u201cYo me fui de Acatl\u00e1n hace 22 a\u00f1os. Todo ese tiempo llevo sin ver a mi abuelo\u2026 mi abuela muri\u00f3 hace tres semanas\u201d, expresa Flores mientras limpia sus ojos humedecidos. Asegura que otro de los objetivos durante su estancia en M\u00e9xico es compartir \u201cun beso\u201d a su abuelo de parte de su padre, a quien le agradece constantemente por el esfuerzo puesto en su crianza.<\/p>\n\n\n\n<p>De acuerdo con el medio estadounidense NBC, Trump encabeza las preferencias electorales rumbo a los comicios de 2024, tan s\u00f3lo dos puntos por encima del presidente Biden, quien tambi\u00e9n busca la reelecci\u00f3n, pero por el partido Dem\u00f3crata.<\/p>\n\n\n\n<p>Dificultades de vivir en la incertidumbre<br>Las hermanas Maricruz y Abby S\u00e1nchez, de 28 y 26 a\u00f1os respectivamente, ambas originarias de Atlixco, coinciden en que la amenaza de perder DACA tendr\u00eda consecuencias devastadoras para todo el pa\u00eds, pues quienes est\u00e1n inscritos en el programa, como ellas, contribuyen de forma tit\u00e1nica al desarrollo social, educativo, cultural y econ\u00f3mico de Estados Unidos.<\/p>\n\n\n\n<p>Abby, quien se gradu\u00f3 de la Licenciatura en Ciencias Pol\u00edticas y Periodismo en 2020, considera que el gobierno estadounidense no \u201cnos ve como personas, nos ve como gente que no debe estar ah\u00ed\u201d, esto al se\u00f1alar que ni el poder Ejecutivo ni el Judicial de aquel pa\u00eds han sido capaces de proporcionar mayor certidumbre jur\u00eddica a los dreamers.<\/p>\n\n\n\n<p>Ella espera que durante la campa\u00f1a presidencial de ese pa\u00eds se tome en cuenta a los beneficiarios de DACA y sus familias, pues es necesario que los candidatos demuestren empat\u00eda por quienes han dedicado su vida al fortalecimiento de Estados Unidos.<\/p>\n\n\n\n<p>Su hermana Maricruz, quien actualmente estudia una Maestr\u00eda en Educaci\u00f3n Biling\u00fce, opina que DACA, que inici\u00f3 en 2012, durante la administraci\u00f3n del expresidente Barack Obama, ha sido utilizado como un mecanismo de control para los migrantes, pues, aunque permite ciertos beneficios, limita la posibilidad de acceder a servicios educativos, entre otras libertades.<\/p>\n\n\n\n<p>Por ese motivo, teme que la posible llegada de Trump a la presidencia desencadene, adem\u00e1s, ataques racistas hacia la poblaci\u00f3n latina.<\/p>\n\n\n\n<p>Urgente replicar encuentros binacionales<br>Guillermo Yrizar, maestro en Desarrollo Regional por el Colegio de la Frontera Norte y acad\u00e9mico de la Ibero Puebla especializado en Movilidad Humana, sostiene que la posibilidad de detener la vigencia del programa DACA genera grandes tensiones en la poblaci\u00f3n migrante.<br><\/p>\n\n\n\n<p>Seg\u00fan el especialista, en la actualidad se viven tiempos pol\u00edticos sumamente polarizantes, tanto en Estados Unidos como en M\u00e9xico, los cuales son impulsados por discursos estigmatizantes como el de Trump, quien ha usado la deportaci\u00f3n como uno de sus principales estandartes para buscar la reelecci\u00f3n en los comicios presidenciales de noviembre pr\u00f3ximo.<\/p>\n\n\n\n<p>As\u00ed, el investigador resalta que la iniciativa hecha por la universidad, que por primera vez realiza este tipo de encuentros entre dreamers y sus familiares mediante salvoconductos respaldados por la ley, debe fortalecerse y replicarse en otras instituciones y estados del pa\u00eds.<\/p>\n\n\n\n<p>Mediante estas actividades se destaca la necesidad de legislar con mayor fuerza en ambas naciones para beneficio de la poblaci\u00f3n migrante, especialmente para las juventudes, quienes han vivido en Estados Unidos desde que tienen memoria.<\/p>\n\n\n\n<p>Finalmente, el sacerdote jesuita y acad\u00e9mico de la Ibero Puebla, Conrado Zepeda, se\u00f1ala que el encuentro organizado por dicha universidad y otras organizaciones en Estados Unidos, como Mixteca, permitir\u00e1 a las y los j\u00f3venes migrantes avanzar en sus procesos de regularizaci\u00f3n migratoria. Seg\u00fan el catedr\u00e1tico, las normas estadounidenses apuntan que los dreamers que salen de ese pa\u00eds para actividades escolares y culturales tienen la oportunidad de volver sin repercusiones legales.<\/p>\n","protected":false},"excerpt":{"rendered":"<p>Cuatro poblanas beneficiadas con el programa de Acci\u00f3n Diferida para los Llegados en la Infancia (DACA, por sus siglas en ingl\u00e9s) se reunieron con sus familias en M\u00e9xico gracias a un salvoconducto tramitado por la Universidad Iberoamericana Puebla y otros colegios en Estados Unidos. Durante su estad\u00eda, las j\u00f3venes dreamers alertaron sobre el clima de [&hellip;]<\/p>\n","protected":false},"author":4,"featured_media":45069,"comment_status":"open","ping_status":"open","sticky":false,"template":"","format":"standard","meta":{"om_disable_all_campaigns":false,"_monsterinsights_skip_tracking":false,"_monsterinsights_sitenote_active":false,"_monsterinsights_sitenote_note":"","_monsterinsights_sitenote_category":0,"footnotes":""},"categories":[183],"tags":[223],"class_list":["post-45068","post","type-post","status-publish","format-standard","has-post-thumbnail","hentry","category-internacional","tag-puebla"],"amp_enabled":true,"_links":{"self":[{"href":"https:\/\/lahora.mx\/index.php\/wp-json\/wp\/v2\/posts\/45068","targetHints":{"allow":["GET"]}}],"collection":[{"href":"https:\/\/lahora.mx\/index.php\/wp-json\/wp\/v2\/posts"}],"about":[{"href":"https:\/\/lahora.mx\/index.php\/wp-json\/wp\/v2\/types\/post"}],"author":[{"embeddable":true,"href":"https:\/\/lahora.mx\/index.php\/wp-json\/wp\/v2\/users\/4"}],"replies":[{"embeddable":true,"href":"https:\/\/lahora.mx\/index.php\/wp-json\/wp\/v2\/comments?post=45068"}],"version-history":[{"count":1,"href":"https:\/\/lahora.mx\/index.php\/wp-json\/wp\/v2\/posts\/45068\/revisions"}],"predecessor-version":[{"id":45070,"href":"https:\/\/lahora.mx\/index.php\/wp-json\/wp\/v2\/posts\/45068\/revisions\/45070"}],"wp:featuredmedia":[{"embeddable":true,"href":"https:\/\/lahora.mx\/index.php\/wp-json\/wp\/v2\/media\/45069"}],"wp:attachment":[{"href":"https:\/\/lahora.mx\/index.php\/wp-json\/wp\/v2\/media?parent=45068"}],"wp:term":[{"taxonomy":"category","embeddable":true,"href":"https:\/\/lahora.mx\/index.php\/wp-json\/wp\/v2\/categories?post=45068"},{"taxonomy":"post_tag","embeddable":true,"href":"https:\/\/lahora.mx\/index.php\/wp-json\/wp\/v2\/tags?post=45068"}],"curies":[{"name":"wp","href":"https:\/\/api.w.org\/{rel}","templated":true}]}}