{"id":45034,"date":"2024-04-26T16:40:43","date_gmt":"2024-04-26T16:40:43","guid":{"rendered":"http:\/\/lahora.mx\/?p=45034"},"modified":"2024-04-26T16:40:43","modified_gmt":"2024-04-26T16:40:43","slug":"preparate-para-el-segundo-debate-presidencial-fecha-hora-moderadores-y-todo-lo-que-tienes-que-saber","status":"publish","type":"post","link":"https:\/\/lahora.mx\/index.php\/2024\/04\/26\/preparate-para-el-segundo-debate-presidencial-fecha-hora-moderadores-y-todo-lo-que-tienes-que-saber\/","title":{"rendered":"Prep\u00e1rate para el segundo debate presidencial: Fecha, hora, moderadores y todo lo que tienes que saber"},"content":{"rendered":"\n<p>Se acerca la fecha del segundo debate presidencial entre las candidatas Claudia Sheinbaum de \u201cSigamos Haciendo Historia\u201d, X\u00f3chitl G\u00e1lvez por \u201cFuerza y Coraz\u00f3n por M\u00e9xico\u201d; y el candidato Jorge \u00c1lvarez M\u00e1ynez de Movimiento Ciudadano; por lo que aqu\u00ed te explicamos todo lo que tienes que saber del encuentro.<\/p>\n\n\n\n<p>El Instituto Nacional Electoral (INE) determin\u00f3 que, a diferencia del primer debate, el segundo y tercer encuentro entre candidaturas son obligatorios para la contienda electoral.<\/p>\n\n\n\n<p>\u00bfCu\u00e1ndo y d\u00f3nde ser\u00e1 el segundo debate presidencial?<\/p>\n\n\n\n<p>El segundo debate presidencial se llevar\u00e1 acabo este domingo 28 de abril a las 20:00 horas en los estudios Churubusco.<\/p>\n\n\n\n<p>\u00bfCu\u00e1les ser\u00e1n los temas centrales del segundo debate presidencial?<br>Los temas que las candidaturas deben abordar son:<\/p>\n\n\n\n<p>Econom\u00eda<br>Empleo<br>Inflaci\u00f3n<br>Pobreza<br>Desigualdad<br>Cambio clim\u00e1tico<br>Desarrollo sustentable<br>\u00bfCu\u00e1l ser\u00e1 el formato del segundo debate presidencial?<\/p>\n\n\n\n<p>Para este encuentro se dispuso un Formato B, en el que hay 2 moderadores: la periodista Adriana P\u00e9rez Ca\u00f1edo y el periodista Alejandro Cacho.<\/p>\n\n\n\n<p>Ellos ser\u00e1n los encargados de elegir a 8 personas para la formulaci\u00f3n de preguntas directas a Claudia Sheinbaum, X\u00f3chitl G\u00e1lvez y Jorge \u00c1lvarez M\u00e1ynez.<\/p>\n\n\n\n<p>El segundo debate est\u00e1 dividido en los siguientes segmentos:<\/p>\n\n\n\n<p>Breve introducci\u00f3n al debate<\/p>\n\n\n\n<p>Presentaci\u00f3n de cada participante (30 segundos)<\/p>\n\n\n\n<p>Etapa la discusi\u00f3n del debate se centra en 4 segmentos que a su vez se subdividen en 2 bloques cada uno.<\/p>\n\n\n\n<p>Bloque 1, cada candidatura tendr\u00e1 un minuto para posicionarse respecto al tema.<\/p>\n\n\n\n<p>Luego dar\u00e1n paso a la pregunta directa de alg\u00fan ciudadano o ciudadano.<\/p>\n\n\n\n<p>Bloque 2 inicia bolsa de tiempo, se le ceder\u00e1 la palabra a otra persona y se dar\u00e1 una bolsa de tiempo de 5 minutos por candidatura.<\/p>\n\n\n\n<p>Ninguna de las intervenciones de cada una de las personas candidatas no podr\u00e1 exceder de usar m\u00e1s de 1 minuto y medio de su tiempo de tal forma que nadie pueda consumir la totalidad de su tiempo.<\/p>\n\n\n\n<p>Finalmente, Claudia Sheinbaum, X\u00f3chitl G\u00e1lvez y Jorge \u00c1lvarez M\u00e1ynez tendr\u00e1n un espacio para un mensaje final.<\/p>\n","protected":false},"excerpt":{"rendered":"<p>Se acerca la fecha del segundo debate presidencial entre las candidatas Claudia Sheinbaum de \u201cSigamos Haciendo Historia\u201d, X\u00f3chitl G\u00e1lvez por \u201cFuerza y Coraz\u00f3n por M\u00e9xico\u201d; y el candidato Jorge \u00c1lvarez M\u00e1ynez de Movimiento Ciudadano; por lo que aqu\u00ed te explicamos todo lo que tienes que saber del encuentro. El Instituto Nacional Electoral (INE) determin\u00f3 que, [&hellip;]<\/p>\n","protected":false},"author":4,"featured_media":45035,"comment_status":"open","ping_status":"open","sticky":false,"template":"","format":"standard","meta":{"om_disable_all_campaigns":false,"_monsterinsights_skip_tracking":false,"_monsterinsights_sitenote_active":false,"_monsterinsights_sitenote_note":"","_monsterinsights_sitenote_category":0,"footnotes":""},"categories":[176,5],"tags":[128,195],"class_list":["post-45034","post","type-post","status-publish","format-standard","has-post-thumbnail","hentry","category-nacional","category-politica","tag-politics","tag-principal"],"amp_enabled":true,"_links":{"self":[{"href":"https:\/\/lahora.mx\/index.php\/wp-json\/wp\/v2\/posts\/45034","targetHints":{"allow":["GET"]}}],"collection":[{"href":"https:\/\/lahora.mx\/index.php\/wp-json\/wp\/v2\/posts"}],"about":[{"href":"https:\/\/lahora.mx\/index.php\/wp-json\/wp\/v2\/types\/post"}],"author":[{"embeddable":true,"href":"https:\/\/lahora.mx\/index.php\/wp-json\/wp\/v2\/users\/4"}],"replies":[{"embeddable":true,"href":"https:\/\/lahora.mx\/index.php\/wp-json\/wp\/v2\/comments?post=45034"}],"version-history":[{"count":1,"href":"https:\/\/lahora.mx\/index.php\/wp-json\/wp\/v2\/posts\/45034\/revisions"}],"predecessor-version":[{"id":45036,"href":"https:\/\/lahora.mx\/index.php\/wp-json\/wp\/v2\/posts\/45034\/revisions\/45036"}],"wp:featuredmedia":[{"embeddable":true,"href":"https:\/\/lahora.mx\/index.php\/wp-json\/wp\/v2\/media\/45035"}],"wp:attachment":[{"href":"https:\/\/lahora.mx\/index.php\/wp-json\/wp\/v2\/media?parent=45034"}],"wp:term":[{"taxonomy":"category","embeddable":true,"href":"https:\/\/lahora.mx\/index.php\/wp-json\/wp\/v2\/categories?post=45034"},{"taxonomy":"post_tag","embeddable":true,"href":"https:\/\/lahora.mx\/index.php\/wp-json\/wp\/v2\/tags?post=45034"}],"curies":[{"name":"wp","href":"https:\/\/api.w.org\/{rel}","templated":true}]}}