{"id":44906,"date":"2024-04-24T03:24:47","date_gmt":"2024-04-24T03:24:47","guid":{"rendered":"http:\/\/lahora.mx\/?p=44906"},"modified":"2024-04-24T03:24:47","modified_gmt":"2024-04-24T03:24:47","slug":"deben-enfrentar-la-justicia-quienes-busquen-envenenar-con-el-fentanilo-ken-salazar","status":"publish","type":"post","link":"https:\/\/lahora.mx\/index.php\/2024\/04\/24\/deben-enfrentar-la-justicia-quienes-busquen-envenenar-con-el-fentanilo-ken-salazar\/","title":{"rendered":"Deben enfrentar la justicia quienes busquen \u201cenvenenar\u201d con el fentanilo; Ken Salazar"},"content":{"rendered":"\n<p>Ken Salazar, embajador de Estados Unidos en M\u00e9xico, reafirm\u00f3 el compromiso de su pa\u00eds para trabajar contra las drogas sint\u00e9ticas y advirti\u00f3 que quienes busquen \u201cenvenenar con el veneno\u201d del fentanilo, deben enfrentar la justicia.<\/p>\n\n\n\n<p>Al participar en la inauguraci\u00f3n de la Conferencia Multilateral de Drogas Sint\u00e9ticas, el embajador Salazar destac\u00f3 el trabajo conjunto con M\u00e9xico para capturar a distintos capos de la droga, como Rafael Caro Quintero, Ovidio Guzm\u00e1n y N\u00e9stor Isidro P\u00e9rez Salas \u201cEl Nini\u201d.<\/p>\n\n\n\n<p>\u201cTrabajamos de la mano, cuando se dice que no hacemos mucho, les digo, \u2018miren lo que hicimos con Rafael Caro Quintero, Ovidio Guzm\u00e1n, \u201cEl Nini\u201d y otros\u2019\u201d, destac\u00f3 el embajador.<br><\/p>\n\n\n\n<p>\u201cNecesitamos estos esfuerzos para tener unos niveles m\u00e1s buenos en materia de seguridad\u201d, se\u00f1al\u00f3 el embajador estadounidense.<\/p>\n\n\n\n<p>Ante autoridades nacionales e internacionales, Salazar tambi\u00e9n hizo un llamado a hacer todo lo posible en el combate contra las drogas sint\u00e9ticas y los precursores, adem\u00e1s de lo que ya hacen ambos pa\u00edses.<\/p>\n\n\n\n<p>Mencion\u00f3 la relaci\u00f3n comercial entre Estados Unidos, adem\u00e1s de acciones para atender la migraci\u00f3n, el tr\u00e1fico de armas y trata de personas.<\/p>\n","protected":false},"excerpt":{"rendered":"<p>Ken Salazar, embajador de Estados Unidos en M\u00e9xico, reafirm\u00f3 el compromiso de su pa\u00eds para trabajar contra las drogas sint\u00e9ticas y advirti\u00f3 que quienes busquen \u201cenvenenar con el veneno\u201d del fentanilo, deben enfrentar la justicia. Al participar en la inauguraci\u00f3n de la Conferencia Multilateral de Drogas Sint\u00e9ticas, el embajador Salazar destac\u00f3 el trabajo conjunto con [&hellip;]<\/p>\n","protected":false},"author":4,"featured_media":44907,"comment_status":"open","ping_status":"open","sticky":false,"template":"","format":"standard","meta":{"om_disable_all_campaigns":false,"_monsterinsights_skip_tracking":false,"_monsterinsights_sitenote_active":false,"_monsterinsights_sitenote_note":"","_monsterinsights_sitenote_category":0,"footnotes":""},"categories":[183],"tags":[],"class_list":["post-44906","post","type-post","status-publish","format-standard","has-post-thumbnail","hentry","category-internacional"],"amp_enabled":true,"_links":{"self":[{"href":"https:\/\/lahora.mx\/index.php\/wp-json\/wp\/v2\/posts\/44906","targetHints":{"allow":["GET"]}}],"collection":[{"href":"https:\/\/lahora.mx\/index.php\/wp-json\/wp\/v2\/posts"}],"about":[{"href":"https:\/\/lahora.mx\/index.php\/wp-json\/wp\/v2\/types\/post"}],"author":[{"embeddable":true,"href":"https:\/\/lahora.mx\/index.php\/wp-json\/wp\/v2\/users\/4"}],"replies":[{"embeddable":true,"href":"https:\/\/lahora.mx\/index.php\/wp-json\/wp\/v2\/comments?post=44906"}],"version-history":[{"count":1,"href":"https:\/\/lahora.mx\/index.php\/wp-json\/wp\/v2\/posts\/44906\/revisions"}],"predecessor-version":[{"id":44908,"href":"https:\/\/lahora.mx\/index.php\/wp-json\/wp\/v2\/posts\/44906\/revisions\/44908"}],"wp:featuredmedia":[{"embeddable":true,"href":"https:\/\/lahora.mx\/index.php\/wp-json\/wp\/v2\/media\/44907"}],"wp:attachment":[{"href":"https:\/\/lahora.mx\/index.php\/wp-json\/wp\/v2\/media?parent=44906"}],"wp:term":[{"taxonomy":"category","embeddable":true,"href":"https:\/\/lahora.mx\/index.php\/wp-json\/wp\/v2\/categories?post=44906"},{"taxonomy":"post_tag","embeddable":true,"href":"https:\/\/lahora.mx\/index.php\/wp-json\/wp\/v2\/tags?post=44906"}],"curies":[{"name":"wp","href":"https:\/\/api.w.org\/{rel}","templated":true}]}}