{"id":44847,"date":"2024-04-23T16:50:16","date_gmt":"2024-04-23T16:50:16","guid":{"rendered":"http:\/\/lahora.mx\/?p=44847"},"modified":"2024-04-23T16:50:16","modified_gmt":"2024-04-23T16:50:16","slug":"automovil-se-incendia-en-pension-durante-la-madrugada-en-atlixco","status":"publish","type":"post","link":"https:\/\/lahora.mx\/index.php\/2024\/04\/23\/automovil-se-incendia-en-pension-durante-la-madrugada-en-atlixco\/","title":{"rendered":"Autom\u00f3vil se incendia en pensi\u00f3n durante la madrugada en Atlixco"},"content":{"rendered":"\n<p>Un veh\u00edculo que se encontraba al interior de una pensi\u00f3n en el centro de Atlixco ardi\u00f3 en llamas y fue consumido durante la madrugada; de acuerdo con reportes vecinales, el autom\u00f3vil se prendi\u00f3 en fuego cerca de las 1:00 horas y temen que haya sido intencional.<\/p>\n\n\n\n<p>\u00abEmpezaron a escucharse como explosiones, los perros se pusieron bien inquietos y algunos de nosotros empezamos a ver el humo salir, por eso llamamos a los bomberos\u00bb, relat\u00f3 Alma S\u00e1nchez, vecina del lugar.<\/p>\n\n\n\n<p>La pensi\u00f3n y estacionamiento se ubica en la Calle 4 Oriente, en el primer cuadro de la ciudad, hasta donde llegaron los apagafuegos y elementos de polic\u00eda municipal, quienes cerraron el acceso a esta vialidad.<\/p>\n\n\n\n<p>Se sabe que por el momento el lugar no est\u00e1 habitado, por lo que fue un vecino de un hotel cercano quien logr\u00f3 abrir para que ingresaran los bomberos y elementos de Protecci\u00f3n Civil, quienes trabajaron durante una hora para poder apagar las llamas ya que la gasolina estaba regada en el \u00e1rea.<\/p>\n\n\n\n<p>Al llegar los propietarios, tanto del inmueble como del veh\u00edculo, se\u00f1alaron que se sorprendieron del hecho y consideraron que no fue casual, pues hab\u00eda gasolina regada en el \u00e1rea; por su parte la se\u00f1ora Esther, due\u00f1a del inmueble, apunt\u00f3 que va a checar c\u00e1maras de seguridad para verificar que haya sido accidental.<\/p>\n","protected":false},"excerpt":{"rendered":"<p>Un veh\u00edculo que se encontraba al interior de una pensi\u00f3n en el centro de Atlixco ardi\u00f3 en llamas y fue consumido durante la madrugada; de acuerdo con reportes vecinales, el autom\u00f3vil se prendi\u00f3 en fuego cerca de las 1:00 horas y temen que haya sido intencional. \u00abEmpezaron a escucharse como explosiones, los perros se pusieron [&hellip;]<\/p>\n","protected":false},"author":4,"featured_media":44848,"comment_status":"open","ping_status":"open","sticky":false,"template":"","format":"standard","meta":{"om_disable_all_campaigns":false,"_monsterinsights_skip_tracking":false,"_monsterinsights_sitenote_active":false,"_monsterinsights_sitenote_note":"","_monsterinsights_sitenote_category":0,"footnotes":""},"categories":[175,226],"tags":[223],"class_list":["post-44847","post","type-post","status-publish","format-standard","has-post-thumbnail","hentry","category-local","category-policia","tag-puebla"],"amp_enabled":true,"_links":{"self":[{"href":"https:\/\/lahora.mx\/index.php\/wp-json\/wp\/v2\/posts\/44847","targetHints":{"allow":["GET"]}}],"collection":[{"href":"https:\/\/lahora.mx\/index.php\/wp-json\/wp\/v2\/posts"}],"about":[{"href":"https:\/\/lahora.mx\/index.php\/wp-json\/wp\/v2\/types\/post"}],"author":[{"embeddable":true,"href":"https:\/\/lahora.mx\/index.php\/wp-json\/wp\/v2\/users\/4"}],"replies":[{"embeddable":true,"href":"https:\/\/lahora.mx\/index.php\/wp-json\/wp\/v2\/comments?post=44847"}],"version-history":[{"count":1,"href":"https:\/\/lahora.mx\/index.php\/wp-json\/wp\/v2\/posts\/44847\/revisions"}],"predecessor-version":[{"id":44849,"href":"https:\/\/lahora.mx\/index.php\/wp-json\/wp\/v2\/posts\/44847\/revisions\/44849"}],"wp:featuredmedia":[{"embeddable":true,"href":"https:\/\/lahora.mx\/index.php\/wp-json\/wp\/v2\/media\/44848"}],"wp:attachment":[{"href":"https:\/\/lahora.mx\/index.php\/wp-json\/wp\/v2\/media?parent=44847"}],"wp:term":[{"taxonomy":"category","embeddable":true,"href":"https:\/\/lahora.mx\/index.php\/wp-json\/wp\/v2\/categories?post=44847"},{"taxonomy":"post_tag","embeddable":true,"href":"https:\/\/lahora.mx\/index.php\/wp-json\/wp\/v2\/tags?post=44847"}],"curies":[{"name":"wp","href":"https:\/\/api.w.org\/{rel}","templated":true}]}}