{"id":44812,"date":"2024-04-22T16:57:53","date_gmt":"2024-04-22T16:57:53","guid":{"rendered":"http:\/\/lahora.mx\/?p=44812"},"modified":"2024-04-22T16:57:54","modified_gmt":"2024-04-22T16:57:54","slug":"guardia-nacional-detiene-a-don-rodo-hermano-del-mencho","status":"publish","type":"post","link":"https:\/\/lahora.mx\/index.php\/2024\/04\/22\/guardia-nacional-detiene-a-don-rodo-hermano-del-mencho\/","title":{"rendered":"Guardia Nacional detiene a \u201cDon Rodo\u201d, hermano del \u201cMencho\u201d"},"content":{"rendered":"\n<p>Durante la madrugada del domingo 21 de abril se dio a conocer la captura de Abraham Oseguera Cervantes alias \u201cDon Rodo\u201d, hermano del \u201cMencho\u201d, quien fue detenido por la Guardia Nacional en el municipio de Autl\u00e1n de Navarro, en Jalisco.<\/p>\n\n\n\n<p>El hermano de Nemesio Oseguera, quien es el actual l\u00edder del Cartel Jalisco Nueva Generaci\u00f3n (CJNG), fue aprehendido cerca de las 3:48 horas del pasado domingo, en el fraccionamiento Hacienda Real que, de acuerdo con distintas fuentes, pertenecer\u00eda a la familia Oseguera.<\/p>\n\n\n\n<p>Despu\u00e9s de su detenci\u00f3n, \u201cDon Rodo\u201d fue trasladado hasta la Ciudad de M\u00e9xico, donde actualmente se encuentra en las instalaciones de la Fiscal\u00eda Especializada en Materia de Delincuencia Organizada (Femdo).<\/p>\n\n\n\n<p>Sin embargo, la Secretar\u00eda de Seguridad y Protecci\u00f3n Ciudadana (SSPC) no dio a conocer m\u00e1s detalles sobre la aprehensi\u00f3n de Abraham Oseguera, pues no se inform\u00f3 sobre los cargos que se le acusan.<\/p>\n\n\n\n<p>Asimismo, en el Registro Nacional de Detenciones (RND) se detall\u00f3 que la detenci\u00f3n ocurri\u00f3 en Michoac\u00e1n, a pesar de que el hermano del \u201cMencho\u201d fue aprehendido en Jalisco.<\/p>\n\n\n\n<p>Hasta el momento, se desconocen mayores detalles del operativo en el que \u201cDon Rodo\u201d fue detenido, sin embargo, agentes de la GN se\u00f1alaron que, al momento de su captura, vest\u00eda una camisa a cuadros de manga larga, de color azul y rojo, y un pantal\u00f3n de mezclilla azul con notas negras.<\/p>\n\n\n\n<p>Su detenci\u00f3n se presenta 16 meses despu\u00e9s de que otro de sus hermanos, Antonio Oseguera Cervantes alias \u201cTony Montana\u201d, fuera arrestado por el ej\u00e9rcito el pasado diciembre de 2022.<\/p>\n\n\n\n<p>No es la primera vez que Abraham Oseguera es detenido, pues en 1994 tuvo que cumplir una condena en Estados Unidos luego de ser aprehendido por tr\u00e1fico de hero\u00edna en California, donde vendi\u00f3 droga a polic\u00edas encubiertos.<\/p>\n\n\n\n<p>Tras ser liberado, el hermano mayor del \u201cMencho\u201d regres\u00f3 a M\u00e9xico, en donde fue acusado de homicidio en 2013, hace 11 a\u00f1os; sin embargo, el expediente fue desechado luego de que el caso prescribiera.<\/p>\n","protected":false},"excerpt":{"rendered":"<p>Durante la madrugada del domingo 21 de abril se dio a conocer la captura de Abraham Oseguera Cervantes alias \u201cDon Rodo\u201d, hermano del \u201cMencho\u201d, quien fue detenido por la Guardia Nacional en el municipio de Autl\u00e1n de Navarro, en Jalisco. El hermano de Nemesio Oseguera, quien es el actual l\u00edder del Cartel Jalisco Nueva Generaci\u00f3n [&hellip;]<\/p>\n","protected":false},"author":4,"featured_media":44813,"comment_status":"open","ping_status":"open","sticky":false,"template":"","format":"standard","meta":{"om_disable_all_campaigns":false,"_monsterinsights_skip_tracking":false,"_monsterinsights_sitenote_active":false,"_monsterinsights_sitenote_note":"","_monsterinsights_sitenote_category":0,"footnotes":""},"categories":[175,176,226],"tags":[223],"class_list":["post-44812","post","type-post","status-publish","format-standard","has-post-thumbnail","hentry","category-local","category-nacional","category-policia","tag-puebla"],"amp_enabled":true,"_links":{"self":[{"href":"https:\/\/lahora.mx\/index.php\/wp-json\/wp\/v2\/posts\/44812","targetHints":{"allow":["GET"]}}],"collection":[{"href":"https:\/\/lahora.mx\/index.php\/wp-json\/wp\/v2\/posts"}],"about":[{"href":"https:\/\/lahora.mx\/index.php\/wp-json\/wp\/v2\/types\/post"}],"author":[{"embeddable":true,"href":"https:\/\/lahora.mx\/index.php\/wp-json\/wp\/v2\/users\/4"}],"replies":[{"embeddable":true,"href":"https:\/\/lahora.mx\/index.php\/wp-json\/wp\/v2\/comments?post=44812"}],"version-history":[{"count":1,"href":"https:\/\/lahora.mx\/index.php\/wp-json\/wp\/v2\/posts\/44812\/revisions"}],"predecessor-version":[{"id":44814,"href":"https:\/\/lahora.mx\/index.php\/wp-json\/wp\/v2\/posts\/44812\/revisions\/44814"}],"wp:featuredmedia":[{"embeddable":true,"href":"https:\/\/lahora.mx\/index.php\/wp-json\/wp\/v2\/media\/44813"}],"wp:attachment":[{"href":"https:\/\/lahora.mx\/index.php\/wp-json\/wp\/v2\/media?parent=44812"}],"wp:term":[{"taxonomy":"category","embeddable":true,"href":"https:\/\/lahora.mx\/index.php\/wp-json\/wp\/v2\/categories?post=44812"},{"taxonomy":"post_tag","embeddable":true,"href":"https:\/\/lahora.mx\/index.php\/wp-json\/wp\/v2\/tags?post=44812"}],"curies":[{"name":"wp","href":"https:\/\/api.w.org\/{rel}","templated":true}]}}