{"id":44809,"date":"2024-04-22T16:41:09","date_gmt":"2024-04-22T16:41:09","guid":{"rendered":"http:\/\/lahora.mx\/?p=44809"},"modified":"2024-04-22T16:41:09","modified_gmt":"2024-04-22T16:41:09","slug":"mujer-se-queda-sin-dedo-por-portazo-de-unidad-de-ruta","status":"publish","type":"post","link":"https:\/\/lahora.mx\/index.php\/2024\/04\/22\/mujer-se-queda-sin-dedo-por-portazo-de-unidad-de-ruta\/","title":{"rendered":"Mujer se queda sin dedo por Portazo de unidad de RUTA"},"content":{"rendered":"\n<p>La ma\u00f1ana de este lunes 22 de abril se registr\u00f3 la movilizaci\u00f3n de cuerpos de emergencia en el paradero de Agua Santa del Sistema RUTA, pues la mano de una mujer qued\u00f3 atrapada entre las puertas de una de las unidades.<\/p>\n\n\n\n<p>Los hechos se registraron alrededor de las 7:30 horas, cuando una mujer de 52 a\u00f1os se dispon\u00eda a ingresar a una de las unidades para arribar a su destino en el paradero de Agua Santa el cual, est\u00e1 en el Perif\u00e9rico y la 11 Sur.<\/p>\n\n\n\n<p>Sin embargo, por la cantidad de gente y el poco tiempo que da la unidad para abordar el veh\u00edculo, apenas la mujer coloc\u00f3 su mano para subir y esta qued\u00f3 atrapada entre las puertas de la unidad.<\/p>\n\n\n\n<p>Por el dolor, la afectada comenz\u00f3 a gritar y pedir ayuda, de igual forma otros pasajeros a bordo comenzaron a gritarle al chofer que volviera a abrir la puerta para que la mujer pudiera retirar la mano.<\/p>\n\n\n\n<p>Personal de seguridad coloc\u00f3 una silla para que la mujer se sentara en lo que llegaban param\u00e9dicos, pues comenz\u00f3 a sangrar por las lesiones que sufri\u00f3, a los pocos minutos arribaron param\u00e9dicos de Protecci\u00f3n Civil, quienes le brindaron atenci\u00f3n prehospitalaria.<\/p>\n\n\n\n<p>Posteriormente, se inform\u00f3 que la mujer sufri\u00f3 la amputaci\u00f3n parcial del pulgar derecho al quedar atrapada su mano en las puertas de una unidad del sistema RUTA.<\/p>\n\n\n\n<p>Hasta el momento de edici\u00f3n de esta nota, la Red Urbana de Transporte Articulado (RUTA), no hab\u00eda emitido una postura al respecto.<\/p>\n","protected":false},"excerpt":{"rendered":"<p>La ma\u00f1ana de este lunes 22 de abril se registr\u00f3 la movilizaci\u00f3n de cuerpos de emergencia en el paradero de Agua Santa del Sistema RUTA, pues la mano de una mujer qued\u00f3 atrapada entre las puertas de una de las unidades. Los hechos se registraron alrededor de las 7:30 horas, cuando una mujer de 52 [&hellip;]<\/p>\n","protected":false},"author":4,"featured_media":44810,"comment_status":"open","ping_status":"open","sticky":false,"template":"","format":"standard","meta":{"om_disable_all_campaigns":false,"_monsterinsights_skip_tracking":false,"_monsterinsights_sitenote_active":false,"_monsterinsights_sitenote_note":"","_monsterinsights_sitenote_category":0,"footnotes":""},"categories":[175,226],"tags":[223],"class_list":["post-44809","post","type-post","status-publish","format-standard","has-post-thumbnail","hentry","category-local","category-policia","tag-puebla"],"amp_enabled":true,"_links":{"self":[{"href":"https:\/\/lahora.mx\/index.php\/wp-json\/wp\/v2\/posts\/44809","targetHints":{"allow":["GET"]}}],"collection":[{"href":"https:\/\/lahora.mx\/index.php\/wp-json\/wp\/v2\/posts"}],"about":[{"href":"https:\/\/lahora.mx\/index.php\/wp-json\/wp\/v2\/types\/post"}],"author":[{"embeddable":true,"href":"https:\/\/lahora.mx\/index.php\/wp-json\/wp\/v2\/users\/4"}],"replies":[{"embeddable":true,"href":"https:\/\/lahora.mx\/index.php\/wp-json\/wp\/v2\/comments?post=44809"}],"version-history":[{"count":1,"href":"https:\/\/lahora.mx\/index.php\/wp-json\/wp\/v2\/posts\/44809\/revisions"}],"predecessor-version":[{"id":44811,"href":"https:\/\/lahora.mx\/index.php\/wp-json\/wp\/v2\/posts\/44809\/revisions\/44811"}],"wp:featuredmedia":[{"embeddable":true,"href":"https:\/\/lahora.mx\/index.php\/wp-json\/wp\/v2\/media\/44810"}],"wp:attachment":[{"href":"https:\/\/lahora.mx\/index.php\/wp-json\/wp\/v2\/media?parent=44809"}],"wp:term":[{"taxonomy":"category","embeddable":true,"href":"https:\/\/lahora.mx\/index.php\/wp-json\/wp\/v2\/categories?post=44809"},{"taxonomy":"post_tag","embeddable":true,"href":"https:\/\/lahora.mx\/index.php\/wp-json\/wp\/v2\/tags?post=44809"}],"curies":[{"name":"wp","href":"https:\/\/api.w.org\/{rel}","templated":true}]}}