{"id":44806,"date":"2024-04-22T16:34:57","date_gmt":"2024-04-22T16:34:57","guid":{"rendered":"http:\/\/lahora.mx\/?p=44806"},"modified":"2024-04-22T16:34:57","modified_gmt":"2024-04-22T16:34:57","slug":"mario-riestra-denuncia-haber-recibido-amenaza","status":"publish","type":"post","link":"https:\/\/lahora.mx\/index.php\/2024\/04\/22\/mario-riestra-denuncia-haber-recibido-amenaza\/","title":{"rendered":"Mario Riestra denuncia haber recibido amenaza"},"content":{"rendered":"\n<p>El candidato a la presidencia municipal de Puebla en la alianza entre por el PAN, PRI, PRD y PSI, Mario Riestra Pi\u00f1a, denunci\u00f3 haber sido amenazado en la junta auxiliar de San Francisco Totimehuacan, mientras realizaba un acto de campa\u00f1a en dicha zona al Sur de la capital.<\/p>\n\n\n\n<p>A trav\u00e9s de sus redes sociales, el militante del blanquiazul comparti\u00f3 un video en el que se le observ\u00f3 frente a la Fiscal\u00eda General del Estado (FGE), donde apunt\u00f3 que acudi\u00f3 a realizar una denuncia despu\u00e9s de haber sido intimidado durante un evento para dar a conocer sus propuestas.<br>Coment\u00f3 que todo transcurr\u00eda de manera normal, hasta que un sujeto se le acerc\u00f3 para supuestamente pedirle una foto, sin embargo, cuando ya estaba cerca de \u00e9l le dijo en dos ocasiones al o\u00eddo que su cabeza tiene un precio de 15 mil pesos.<br><\/p>\n\n\n\n<p>Hoy sufr\u00ed un incidente en San Francisco Totimehuacan, el cual nunca olvidar\u00e9, y es que en Puebla tristemente en esta campa\u00f1a la libertad, la integridad e incluso la vida de los involucrados peligran. Un sujeto se acerc\u00f3 a m\u00ed, aparentemente para tomarse una foto, me jal\u00f3 del cuello y estando muy cerca de m\u00ed me repiti\u00f3 en dos ocasiones \u2018tu cabeza vale 15 mil pesos\u2019\u201d, expuso.<\/p>\n\n\n\n<p>En ese sentido, el aspirante a la alcald\u00eda de Puebla record\u00f3 que en este tiempo ha habido candidatos que han perdido la vida, pues actualmente se vive un proceso electoral en el que los contendientes corren peligro, por lo que pidi\u00f3 al gobierno del estado garantizar la tranquilidad y la libertad.<br><\/p>\n\n\n\n<p>Asimismo, asegur\u00f3 que tras interponer su denuncia para dar con los responsables seguir\u00e1 con su cercan\u00eda hacia la ciudadan\u00eda e informando de sus propuestas, ya que nadie lo va a \u201cdoblar\u201d.<\/p>\n\n\n\n<p>\u201cA quien me mand\u00f3 este mensaje, sinceramente no me conocen, si pensaban amedrentarme o intimidarme, lo que quiero decirles es que vamos a redoblar los esfuerzos, vamos a seguir en las calles, vamos a platicar con los vecinos, vamos a seguir escuch\u00e1ndolos, vamos a seguir haciendo nuestras propuestas, porque hoy no nos van a doblar, porque hoy esta lucha es por Puebla\u201d, finaliz\u00f3.<\/p>\n","protected":false},"excerpt":{"rendered":"<p>El candidato a la presidencia municipal de Puebla en la alianza entre por el PAN, PRI, PRD y PSI, Mario Riestra Pi\u00f1a, denunci\u00f3 haber sido amenazado en la junta auxiliar de San Francisco Totimehuacan, mientras realizaba un acto de campa\u00f1a en dicha zona al Sur de la capital. A trav\u00e9s de sus redes sociales, el [&hellip;]<\/p>\n","protected":false},"author":4,"featured_media":44807,"comment_status":"open","ping_status":"open","sticky":false,"template":"","format":"standard","meta":{"om_disable_all_campaigns":false,"_monsterinsights_skip_tracking":false,"_monsterinsights_sitenote_active":false,"_monsterinsights_sitenote_note":"","_monsterinsights_sitenote_category":0,"footnotes":""},"categories":[175],"tags":[195,223],"class_list":["post-44806","post","type-post","status-publish","format-standard","has-post-thumbnail","hentry","category-local","tag-principal","tag-puebla"],"amp_enabled":true,"_links":{"self":[{"href":"https:\/\/lahora.mx\/index.php\/wp-json\/wp\/v2\/posts\/44806","targetHints":{"allow":["GET"]}}],"collection":[{"href":"https:\/\/lahora.mx\/index.php\/wp-json\/wp\/v2\/posts"}],"about":[{"href":"https:\/\/lahora.mx\/index.php\/wp-json\/wp\/v2\/types\/post"}],"author":[{"embeddable":true,"href":"https:\/\/lahora.mx\/index.php\/wp-json\/wp\/v2\/users\/4"}],"replies":[{"embeddable":true,"href":"https:\/\/lahora.mx\/index.php\/wp-json\/wp\/v2\/comments?post=44806"}],"version-history":[{"count":1,"href":"https:\/\/lahora.mx\/index.php\/wp-json\/wp\/v2\/posts\/44806\/revisions"}],"predecessor-version":[{"id":44808,"href":"https:\/\/lahora.mx\/index.php\/wp-json\/wp\/v2\/posts\/44806\/revisions\/44808"}],"wp:featuredmedia":[{"embeddable":true,"href":"https:\/\/lahora.mx\/index.php\/wp-json\/wp\/v2\/media\/44807"}],"wp:attachment":[{"href":"https:\/\/lahora.mx\/index.php\/wp-json\/wp\/v2\/media?parent=44806"}],"wp:term":[{"taxonomy":"category","embeddable":true,"href":"https:\/\/lahora.mx\/index.php\/wp-json\/wp\/v2\/categories?post=44806"},{"taxonomy":"post_tag","embeddable":true,"href":"https:\/\/lahora.mx\/index.php\/wp-json\/wp\/v2\/tags?post=44806"}],"curies":[{"name":"wp","href":"https:\/\/api.w.org\/{rel}","templated":true}]}}