{"id":44791,"date":"2024-04-21T16:59:54","date_gmt":"2024-04-21T16:59:54","guid":{"rendered":"http:\/\/lahora.mx\/?p=44791"},"modified":"2024-04-21T16:59:54","modified_gmt":"2024-04-21T16:59:54","slug":"taxista-se-desvia-de-ruta-en-tehuacan-acusa-joven","status":"publish","type":"post","link":"https:\/\/lahora.mx\/index.php\/2024\/04\/21\/taxista-se-desvia-de-ruta-en-tehuacan-acusa-joven\/","title":{"rendered":"Taxista se desv\u00eda de ruta en Tehuac\u00e1n, acusa joven"},"content":{"rendered":"\n<p>En Tehuac\u00e1n, una adolescente de 16 a\u00f1os aprovech\u00f3 un alto para bajarse de un taxi luego de que el conductor de la unidad tomara una ruta distinta a la que la estudiante le hab\u00eda indicado, pues se dirig\u00eda a la escuela.<\/p>\n\n\n\n<p>La afectada se\u00f1al\u00f3 que aunque le pidi\u00f3 que detuviera el veh\u00edculo, el chofer hizo caso omiso.<\/p>\n\n\n\n<p>Fueron minutos despu\u00e9s de las 13 horas del pasado viernes 19 de abril cuando la joven tom\u00f3 una unidad de taxi y le indic\u00f3 que la llevara a la escuela, en un primer momento todo iba bien; sin embargo, el conductor tom\u00f3 destino hacia la colonia La Pur\u00edsima y no para la zona donde se ubica la preparatoria.<\/p>\n\n\n\n<p>De manera inmediata la joven reaccion\u00f3 y cuestion\u00f3 al conductor sobre el rumbo que hab\u00eda tomado, pero fue ignorada, por lo cual pidi\u00f3 al chofer detenerse, pero tampoco fue escuchada; sin embargo, al llegar a la 5 Poniente y 2 Sur, la adolescente aprovech\u00f3 un alto y baj\u00f3 de inmediato de la unidad.<\/p>\n\n\n\n<p>R\u00e1pidamente avis\u00f3 a sus familiares, quienes dieron parte a las autoridades, llegando a ese punto elementos de la Polic\u00eda Municipal, quienes cuestionaron a la joven sobre lo ocurrido, posteriormente arrib\u00f3 una unidad de la Patrulla Naranja.<\/p>\n\n\n\n<p>La estudiante present\u00f3 crisis nerviosa, por lo que fue necesaria la presencia de elementos de Protecci\u00f3n Civil y Bomberos, quienes la valoraron y determinaron que no era necesario trasladarla a un hospital.<\/p>\n","protected":false},"excerpt":{"rendered":"<p>En Tehuac\u00e1n, una adolescente de 16 a\u00f1os aprovech\u00f3 un alto para bajarse de un taxi luego de que el conductor de la unidad tomara una ruta distinta a la que la estudiante le hab\u00eda indicado, pues se dirig\u00eda a la escuela. La afectada se\u00f1al\u00f3 que aunque le pidi\u00f3 que detuviera el veh\u00edculo, el chofer hizo [&hellip;]<\/p>\n","protected":false},"author":4,"featured_media":44792,"comment_status":"open","ping_status":"open","sticky":false,"template":"","format":"standard","meta":{"om_disable_all_campaigns":false,"_monsterinsights_skip_tracking":false,"_monsterinsights_sitenote_active":false,"_monsterinsights_sitenote_note":"","_monsterinsights_sitenote_category":0,"footnotes":""},"categories":[175,176],"tags":[223],"class_list":["post-44791","post","type-post","status-publish","format-standard","has-post-thumbnail","hentry","category-local","category-nacional","tag-puebla"],"amp_enabled":true,"_links":{"self":[{"href":"https:\/\/lahora.mx\/index.php\/wp-json\/wp\/v2\/posts\/44791","targetHints":{"allow":["GET"]}}],"collection":[{"href":"https:\/\/lahora.mx\/index.php\/wp-json\/wp\/v2\/posts"}],"about":[{"href":"https:\/\/lahora.mx\/index.php\/wp-json\/wp\/v2\/types\/post"}],"author":[{"embeddable":true,"href":"https:\/\/lahora.mx\/index.php\/wp-json\/wp\/v2\/users\/4"}],"replies":[{"embeddable":true,"href":"https:\/\/lahora.mx\/index.php\/wp-json\/wp\/v2\/comments?post=44791"}],"version-history":[{"count":1,"href":"https:\/\/lahora.mx\/index.php\/wp-json\/wp\/v2\/posts\/44791\/revisions"}],"predecessor-version":[{"id":44793,"href":"https:\/\/lahora.mx\/index.php\/wp-json\/wp\/v2\/posts\/44791\/revisions\/44793"}],"wp:featuredmedia":[{"embeddable":true,"href":"https:\/\/lahora.mx\/index.php\/wp-json\/wp\/v2\/media\/44792"}],"wp:attachment":[{"href":"https:\/\/lahora.mx\/index.php\/wp-json\/wp\/v2\/media?parent=44791"}],"wp:term":[{"taxonomy":"category","embeddable":true,"href":"https:\/\/lahora.mx\/index.php\/wp-json\/wp\/v2\/categories?post=44791"},{"taxonomy":"post_tag","embeddable":true,"href":"https:\/\/lahora.mx\/index.php\/wp-json\/wp\/v2\/tags?post=44791"}],"curies":[{"name":"wp","href":"https:\/\/api.w.org\/{rel}","templated":true}]}}