{"id":44757,"date":"2024-04-20T02:29:52","date_gmt":"2024-04-20T02:29:52","guid":{"rendered":"http:\/\/lahora.mx\/?p=44757"},"modified":"2024-04-20T02:29:53","modified_gmt":"2024-04-20T02:29:53","slug":"fundacion-de-puebla-dara-un-fin-de-semana-de-eventos-culturales","status":"publish","type":"post","link":"https:\/\/lahora.mx\/index.php\/2024\/04\/20\/fundacion-de-puebla-dara-un-fin-de-semana-de-eventos-culturales\/","title":{"rendered":"Fundaci\u00f3n de Puebla dar\u00e1 un fin de semana de eventos culturales"},"content":{"rendered":"\n<p>Durante el mes de abril y mayo, Puebla estar\u00e1 festejando dos de los momentos que han marcado su historia y que forman parte del desarrollo de su identidad, por lo que se estar\u00e1 realizando el Festival Puebla: \u201cDe la Fundaci\u00f3n a la Batalla\u201d; y este fin de semana contar\u00e1 con diversas actividades.<\/p>\n\n\n\n<p>Para este fin de semana no te pierdas los eventos art\u00edsticos y culturales que se realizar\u00e1n como parte de la conmemoraci\u00f3n del 493 aniversario de la fundaci\u00f3n de Puebla, entre estas actividades se encuentran presentaciones musicales, de teatro, danza y m\u00e1s.<\/p>\n\n\n\n<p>\u00bfCu\u00e1les son las actividades que se realizar\u00e1n?<br>Durante este s\u00e1bado 20 y domingo 21 de abril se realizar\u00e1n las siguientes actividades:<\/p>\n\n\n\n<p>S\u00e1bado 21 de abril<\/p>\n\n\n\n<p>Obra de teatro: la puesta en escena \u201cLa marcha de la basura\u201d ser\u00e1 presentada por la Compa\u00f1\u00eda Algarab\u00eda, Circo y Escena, en colaboraci\u00f3n con la Alianza Francesa de Puebla. La obra se realizar\u00e1 en el Centro de Expresi\u00f3n de las Artes (CREA) de la UPAEP a las 12:00 horas.<br>Cuento y danza: estas dos actividades se realizar\u00e1n en el z\u00f3calo de la ciudad; en primer lugar, se realizar\u00e1 \u201cCuentos en equilibrio\u201d con la Cuenta-Cuentos Ari Maga\u00f1a a las 17:00 horas, y posteriormente la presentaci\u00f3n del Ballet Folkl\u00f3rico Nahui Ollin a las 18:00 horas<br>Para los amantes de la m\u00fasica Disco, no se pueden perder el evento \u201cRoller Disco\u201d que se realizar\u00e1 en conjunto con Cue Play Latam en el Quiosco del Paseo Bravo a las 18:00 horas, donde los poblanos podr\u00e1n disfrutar de la m\u00fasica y divertirse.<\/p>\n\n\n\n<p>Durante este d\u00eda, se realizar\u00e1n cuatro eventos entre los que se encuentran la intervenci\u00f3n de pergamino \u201cThe World Letter\u201d convocado por la Alianza Francesa; de igual manera, se realizar\u00e1 la obra de teatro \u201cGran retablo de las Maravillas\u201d a cargo de la Compa\u00f1\u00eda T.E.T.I.E.M; as\u00ed como la puesta en escena de \u201cArmando Frankenstein\u201d por el grupo de Teatro Titiritera; y nuevamente la obra \u201cLa marcha de la basura\u201d. Estas se realizar\u00e1n en el z\u00f3calo de la ciudad de 13:00 a 17:00 horas.<\/p>\n\n\n\n<p>Una actividad m\u00e1s tendr\u00e1 lugar el lunes 22 de abril, se trata de la presentaci\u00f3n del n\u00famero 38 de la Revista Cuetlaxcoapan \u201cMemoria documental de la Ciudad de Puebla\u201d, que ser\u00e1 realizada por la Gerencia del Centro Hist\u00f3rico y Patrimonio Cultural en el Patio del Palacio Municipal a las 10:00 horas.<\/p>\n","protected":false},"excerpt":{"rendered":"<p>Durante el mes de abril y mayo, Puebla estar\u00e1 festejando dos de los momentos que han marcado su historia y que forman parte del desarrollo de su identidad, por lo que se estar\u00e1 realizando el Festival Puebla: \u201cDe la Fundaci\u00f3n a la Batalla\u201d; y este fin de semana contar\u00e1 con diversas actividades. Para este fin [&hellip;]<\/p>\n","protected":false},"author":4,"featured_media":44758,"comment_status":"open","ping_status":"open","sticky":false,"template":"","format":"standard","meta":{"om_disable_all_campaigns":false,"_monsterinsights_skip_tracking":false,"_monsterinsights_sitenote_active":false,"_monsterinsights_sitenote_note":"","_monsterinsights_sitenote_category":0,"footnotes":""},"categories":[175],"tags":[223],"class_list":["post-44757","post","type-post","status-publish","format-standard","has-post-thumbnail","hentry","category-local","tag-puebla"],"amp_enabled":true,"_links":{"self":[{"href":"https:\/\/lahora.mx\/index.php\/wp-json\/wp\/v2\/posts\/44757","targetHints":{"allow":["GET"]}}],"collection":[{"href":"https:\/\/lahora.mx\/index.php\/wp-json\/wp\/v2\/posts"}],"about":[{"href":"https:\/\/lahora.mx\/index.php\/wp-json\/wp\/v2\/types\/post"}],"author":[{"embeddable":true,"href":"https:\/\/lahora.mx\/index.php\/wp-json\/wp\/v2\/users\/4"}],"replies":[{"embeddable":true,"href":"https:\/\/lahora.mx\/index.php\/wp-json\/wp\/v2\/comments?post=44757"}],"version-history":[{"count":1,"href":"https:\/\/lahora.mx\/index.php\/wp-json\/wp\/v2\/posts\/44757\/revisions"}],"predecessor-version":[{"id":44759,"href":"https:\/\/lahora.mx\/index.php\/wp-json\/wp\/v2\/posts\/44757\/revisions\/44759"}],"wp:featuredmedia":[{"embeddable":true,"href":"https:\/\/lahora.mx\/index.php\/wp-json\/wp\/v2\/media\/44758"}],"wp:attachment":[{"href":"https:\/\/lahora.mx\/index.php\/wp-json\/wp\/v2\/media?parent=44757"}],"wp:term":[{"taxonomy":"category","embeddable":true,"href":"https:\/\/lahora.mx\/index.php\/wp-json\/wp\/v2\/categories?post=44757"},{"taxonomy":"post_tag","embeddable":true,"href":"https:\/\/lahora.mx\/index.php\/wp-json\/wp\/v2\/tags?post=44757"}],"curies":[{"name":"wp","href":"https:\/\/api.w.org\/{rel}","templated":true}]}}