{"id":44753,"date":"2024-04-19T23:29:43","date_gmt":"2024-04-19T23:29:43","guid":{"rendered":"http:\/\/lahora.mx\/?p=44753"},"modified":"2024-04-19T23:29:44","modified_gmt":"2024-04-19T23:29:44","slug":"un-corredor-turistico-de-san-salvador-el-verde-hasta-texmelucan-promete-armenta","status":"publish","type":"post","link":"https:\/\/lahora.mx\/index.php\/2024\/04\/19\/un-corredor-turistico-de-san-salvador-el-verde-hasta-texmelucan-promete-armenta\/","title":{"rendered":"Un corredor tur\u00edstico de San Salvador el Verde hasta Texmelucan promete Armenta"},"content":{"rendered":"\n<p>Un corredor tur\u00edstico que inicie en San Salvador el Verde y Tlalancaleca y que llegue hasta San Mart\u00edn Texmelucan fue la promesa que hizo en una visita al primer municipio referido este 19 de abril Alejandro Armenta Mier, candidato a la gubernatura de Puebla por Morena y su alianza partidista.<\/p>\n\n\n\n<p>Alejandro Armenta refiri\u00f3 sobre el proyecto que contar\u00e1 con estaciones tur\u00edsticas, caba\u00f1as y aldeas con fuentes de energ\u00eda sustentables que capten el turismo que llegue derivado del pr\u00f3ximo tren con ruta M\u00e9xico-Puebla-Veracruz.<\/p>\n\n\n\n<p>Habr\u00e1 corredor tur\u00edstico de San Salvador el Verde hasta Texmelucan: Armenta<br>Durante la visita se\u00f1al\u00f3 que la entidad \u201cser\u00e1 la capital de la electromovilidad y el valle de la tecnolog\u00eda\u201d; sostuvo tambi\u00e9n que bajo su gobierno, en caso de ganar los comicios del 2 de junio, Puebla se convertir\u00e1 en el principal productor de art\u00edculos artesanales y procesados para el Tren Interoce\u00e1nico.<\/p>\n\n\n\n<p>Adem\u00e1s reafirm\u00f3 su iniciativa de que en el estado se construyan f\u00e1bricas de paneles solares para disminuir costos en cuanto a la generaci\u00f3n de energ\u00eda el\u00e9ctrica, lo que adem\u00e1s, asegur\u00f3, generar\u00e1 empleos temporales y permanentes en toda la regi\u00f3n.<\/p>\n\n\n\n<p>Habr\u00e1 corredor tur\u00edstico de San Salvador el Verde hasta Texmelucan: Armenta<br>Asimismo, Armenta Mier refiri\u00f3 que durante su gobierno \u201chabr\u00e1 el mayor programa de obra comunitaria con el apoyo de recursos federales para realizar faenas y mejorar la infraestructura local\u201d; al evento lo acompa\u00f1aron los candidatos a presidentes municipales: Teodoro Aguilar Hern\u00e1ndez, Jos\u00e9 Gregorio Ojeda Ojeda y Gabriel Coraza Morales.<\/p>\n","protected":false},"excerpt":{"rendered":"<p>Un corredor tur\u00edstico que inicie en San Salvador el Verde y Tlalancaleca y que llegue hasta San Mart\u00edn Texmelucan fue la promesa que hizo en una visita al primer municipio referido este 19 de abril Alejandro Armenta Mier, candidato a la gubernatura de Puebla por Morena y su alianza partidista. Alejandro Armenta refiri\u00f3 sobre el [&hellip;]<\/p>\n","protected":false},"author":4,"featured_media":44754,"comment_status":"open","ping_status":"open","sticky":false,"template":"","format":"standard","meta":{"om_disable_all_campaigns":false,"_monsterinsights_skip_tracking":false,"_monsterinsights_sitenote_active":false,"_monsterinsights_sitenote_note":"","_monsterinsights_sitenote_category":0,"footnotes":""},"categories":[175],"tags":[128,195,223],"class_list":["post-44753","post","type-post","status-publish","format-standard","has-post-thumbnail","hentry","category-local","tag-politics","tag-principal","tag-puebla"],"amp_enabled":true,"_links":{"self":[{"href":"https:\/\/lahora.mx\/index.php\/wp-json\/wp\/v2\/posts\/44753","targetHints":{"allow":["GET"]}}],"collection":[{"href":"https:\/\/lahora.mx\/index.php\/wp-json\/wp\/v2\/posts"}],"about":[{"href":"https:\/\/lahora.mx\/index.php\/wp-json\/wp\/v2\/types\/post"}],"author":[{"embeddable":true,"href":"https:\/\/lahora.mx\/index.php\/wp-json\/wp\/v2\/users\/4"}],"replies":[{"embeddable":true,"href":"https:\/\/lahora.mx\/index.php\/wp-json\/wp\/v2\/comments?post=44753"}],"version-history":[{"count":1,"href":"https:\/\/lahora.mx\/index.php\/wp-json\/wp\/v2\/posts\/44753\/revisions"}],"predecessor-version":[{"id":44755,"href":"https:\/\/lahora.mx\/index.php\/wp-json\/wp\/v2\/posts\/44753\/revisions\/44755"}],"wp:featuredmedia":[{"embeddable":true,"href":"https:\/\/lahora.mx\/index.php\/wp-json\/wp\/v2\/media\/44754"}],"wp:attachment":[{"href":"https:\/\/lahora.mx\/index.php\/wp-json\/wp\/v2\/media?parent=44753"}],"wp:term":[{"taxonomy":"category","embeddable":true,"href":"https:\/\/lahora.mx\/index.php\/wp-json\/wp\/v2\/categories?post=44753"},{"taxonomy":"post_tag","embeddable":true,"href":"https:\/\/lahora.mx\/index.php\/wp-json\/wp\/v2\/tags?post=44753"}],"curies":[{"name":"wp","href":"https:\/\/api.w.org\/{rel}","templated":true}]}}