{"id":44747,"date":"2024-04-19T23:19:10","date_gmt":"2024-04-19T23:19:10","guid":{"rendered":"http:\/\/lahora.mx\/?p=44747"},"modified":"2024-04-19T23:19:11","modified_gmt":"2024-04-19T23:19:11","slug":"hombre-se-prende-fuego-afuera-del-juicio-penal-contra-donald-trump","status":"publish","type":"post","link":"https:\/\/lahora.mx\/index.php\/2024\/04\/19\/hombre-se-prende-fuego-afuera-del-juicio-penal-contra-donald-trump\/","title":{"rendered":"Hombre se prende fuego afuera del juicio penal contra Donald Trump"},"content":{"rendered":"\n<p>Un hombre de aproximadamente 40 a\u00f1os de edad se prendi\u00f3 fuego este viernes 19 de abril, a las afueras de la Corte del juicio penal contra el expresidente de los Estados Unidos (EEUU) Donald Trump, mientras se llevaba a cabo la selecci\u00f3n de jurado.<\/p>\n\n\n\n<p>De acuerdo con los testigos, el sujeto lanz\u00f3 volantes al aire y al instante se inmol\u00f3, a causa de esto, los polic\u00edas del lugar tardaron varios minutos en poder extinguir las llamas por completo, por lo que el hombre se encuentra en estado cr\u00edtico y fue necesario intubarlo debido a la gravedad de las quemaduras.<\/p>\n\n\n\n<p>Las autoridades no han confirmado si la acci\u00f3n tiene relaci\u00f3n con el juicio que ocurri\u00f3 frente al edificio o es un hecho aislado, sin embargo, se inici\u00f3 una investigaci\u00f3n sobre lo sucedido.<br>\u00abVimos a un hombre caminando por el parque, estando por este sitio sac\u00f3 de una mochila panfletos, un l\u00edquido con el que se ba\u00f1\u00f3 y se prendi\u00f3 fuego\u00bb, inform\u00f3 el jefe del Departamento de Polic\u00eda, Jeffrey Maddrey.<\/p>\n\n\n\n<p>Jurado completo para el juicio penal contra Donald Trump<br>Se ha completado la selecci\u00f3n de 12 personas y seis suplentes para el juicio penal en contra de Donald Trump, de esta manera qued\u00f3 constituido el jurado este viernes, as\u00ed lo anunci\u00f3 el juez Juan Merch\u00e1n.<\/p>\n\n\n\n<p>\u00abTenemos el jurado al completo\u00bb, dijo el juez Merch\u00e1n.<br>La conformaci\u00f3n del panel de jurados tuvo una duraci\u00f3n de cinco d\u00edas, para el juicio hist\u00f3rico que por primera vez en la historia de EEUU se juzgar\u00e1 a un expresidente, que adem\u00e1s est\u00e1 en campa\u00f1a electoral para regresar a la Casa Blanca en las elecciones de noviembre.<\/p>\n","protected":false},"excerpt":{"rendered":"<p>Un hombre de aproximadamente 40 a\u00f1os de edad se prendi\u00f3 fuego este viernes 19 de abril, a las afueras de la Corte del juicio penal contra el expresidente de los Estados Unidos (EEUU) Donald Trump, mientras se llevaba a cabo la selecci\u00f3n de jurado. De acuerdo con los testigos, el sujeto lanz\u00f3 volantes al aire [&hellip;]<\/p>\n","protected":false},"author":4,"featured_media":44748,"comment_status":"open","ping_status":"open","sticky":false,"template":"","format":"standard","meta":{"om_disable_all_campaigns":false,"_monsterinsights_skip_tracking":false,"_monsterinsights_sitenote_active":false,"_monsterinsights_sitenote_note":"","_monsterinsights_sitenote_category":0,"footnotes":""},"categories":[183],"tags":[],"class_list":["post-44747","post","type-post","status-publish","format-standard","has-post-thumbnail","hentry","category-internacional"],"amp_enabled":true,"_links":{"self":[{"href":"https:\/\/lahora.mx\/index.php\/wp-json\/wp\/v2\/posts\/44747","targetHints":{"allow":["GET"]}}],"collection":[{"href":"https:\/\/lahora.mx\/index.php\/wp-json\/wp\/v2\/posts"}],"about":[{"href":"https:\/\/lahora.mx\/index.php\/wp-json\/wp\/v2\/types\/post"}],"author":[{"embeddable":true,"href":"https:\/\/lahora.mx\/index.php\/wp-json\/wp\/v2\/users\/4"}],"replies":[{"embeddable":true,"href":"https:\/\/lahora.mx\/index.php\/wp-json\/wp\/v2\/comments?post=44747"}],"version-history":[{"count":1,"href":"https:\/\/lahora.mx\/index.php\/wp-json\/wp\/v2\/posts\/44747\/revisions"}],"predecessor-version":[{"id":44749,"href":"https:\/\/lahora.mx\/index.php\/wp-json\/wp\/v2\/posts\/44747\/revisions\/44749"}],"wp:featuredmedia":[{"embeddable":true,"href":"https:\/\/lahora.mx\/index.php\/wp-json\/wp\/v2\/media\/44748"}],"wp:attachment":[{"href":"https:\/\/lahora.mx\/index.php\/wp-json\/wp\/v2\/media?parent=44747"}],"wp:term":[{"taxonomy":"category","embeddable":true,"href":"https:\/\/lahora.mx\/index.php\/wp-json\/wp\/v2\/categories?post=44747"},{"taxonomy":"post_tag","embeddable":true,"href":"https:\/\/lahora.mx\/index.php\/wp-json\/wp\/v2\/tags?post=44747"}],"curies":[{"name":"wp","href":"https:\/\/api.w.org\/{rel}","templated":true}]}}