{"id":44744,"date":"2024-04-19T23:10:38","date_gmt":"2024-04-19T23:10:38","guid":{"rendered":"http:\/\/lahora.mx\/?p=44744"},"modified":"2024-04-19T23:10:38","modified_gmt":"2024-04-19T23:10:38","slug":"un-mejor-alumbrado-publico-para-los-heroes-jose-chedraui","status":"publish","type":"post","link":"https:\/\/lahora.mx\/index.php\/2024\/04\/19\/un-mejor-alumbrado-publico-para-los-heroes-jose-chedraui\/","title":{"rendered":"Un mejor alumbrado p\u00fablico para Los H\u00e9roes; Jos\u00e9 Chedraui"},"content":{"rendered":"\n<p>Durante un recorrido en las colonias Los H\u00e9roes y San Jos\u00e9 Chapulco este 19 de abril, Jos\u00e9 Chedraui Budib, candidato a la alcald\u00eda de Puebla por la coalici\u00f3n Seguiremos Haciendo Historia en Puebla platic\u00f3 con residentes de las demarcaciones quienes le informaron sobre sus necesidades e inquietudes respecto a los servicios p\u00fablicos de la zona.<\/p>\n\n\n\n<p>Entre las problem\u00e1ticas que destacaron los vecinos fue la deficiencia del alumbrado p\u00fablico que aument\u00f3 los \u00faltimos meses en Los H\u00e9roes, sobre lo que Pepe Chedraui refiri\u00f3 que, en caso de ganar las elecciones del 2 de junio, resolver\u00e1 la situaci\u00f3n.<\/p>\n\n\n\n<p>En Los H\u00e9roes, Jos\u00e9 Chedraui promete mejorar alumbrado p\u00fablico<br>El abanderado de Morena y coalici\u00f3n refiri\u00f3 que algunas de las l\u00e1mparas que se instalaron en las zonas referidas son hechas de mercurio y causan afectaciones a la salud de los residentes; se\u00f1al\u00f3 que su plan de gobierno contempla el llevar a cabo la mejora del servicio con luces que no generes contaminaci\u00f3n ni da\u00f1o a los habitantes.<\/p>\n\n\n\n<p>Adem\u00e1s de charlar con vecinos, Chedraui Budib platic\u00f3 con comerciantes \u2014due\u00f1os y tenderos\u2014 de la zona, quienes tambi\u00e9n expresaron sus inquietudes sobre las carencias de las colonias respecto a seguridad y servicios p\u00fablicos, como la calidad de las banquetas de las calles.<\/p>\n","protected":false},"excerpt":{"rendered":"<p>Durante un recorrido en las colonias Los H\u00e9roes y San Jos\u00e9 Chapulco este 19 de abril, Jos\u00e9 Chedraui Budib, candidato a la alcald\u00eda de Puebla por la coalici\u00f3n Seguiremos Haciendo Historia en Puebla platic\u00f3 con residentes de las demarcaciones quienes le informaron sobre sus necesidades e inquietudes respecto a los servicios p\u00fablicos de la zona. [&hellip;]<\/p>\n","protected":false},"author":4,"featured_media":44745,"comment_status":"open","ping_status":"open","sticky":false,"template":"","format":"standard","meta":{"om_disable_all_campaigns":false,"_monsterinsights_skip_tracking":false,"_monsterinsights_sitenote_active":false,"_monsterinsights_sitenote_note":"","_monsterinsights_sitenote_category":0,"footnotes":""},"categories":[175],"tags":[223],"class_list":["post-44744","post","type-post","status-publish","format-standard","has-post-thumbnail","hentry","category-local","tag-puebla"],"amp_enabled":true,"_links":{"self":[{"href":"https:\/\/lahora.mx\/index.php\/wp-json\/wp\/v2\/posts\/44744","targetHints":{"allow":["GET"]}}],"collection":[{"href":"https:\/\/lahora.mx\/index.php\/wp-json\/wp\/v2\/posts"}],"about":[{"href":"https:\/\/lahora.mx\/index.php\/wp-json\/wp\/v2\/types\/post"}],"author":[{"embeddable":true,"href":"https:\/\/lahora.mx\/index.php\/wp-json\/wp\/v2\/users\/4"}],"replies":[{"embeddable":true,"href":"https:\/\/lahora.mx\/index.php\/wp-json\/wp\/v2\/comments?post=44744"}],"version-history":[{"count":1,"href":"https:\/\/lahora.mx\/index.php\/wp-json\/wp\/v2\/posts\/44744\/revisions"}],"predecessor-version":[{"id":44746,"href":"https:\/\/lahora.mx\/index.php\/wp-json\/wp\/v2\/posts\/44744\/revisions\/44746"}],"wp:featuredmedia":[{"embeddable":true,"href":"https:\/\/lahora.mx\/index.php\/wp-json\/wp\/v2\/media\/44745"}],"wp:attachment":[{"href":"https:\/\/lahora.mx\/index.php\/wp-json\/wp\/v2\/media?parent=44744"}],"wp:term":[{"taxonomy":"category","embeddable":true,"href":"https:\/\/lahora.mx\/index.php\/wp-json\/wp\/v2\/categories?post=44744"},{"taxonomy":"post_tag","embeddable":true,"href":"https:\/\/lahora.mx\/index.php\/wp-json\/wp\/v2\/tags?post=44744"}],"curies":[{"name":"wp","href":"https:\/\/api.w.org\/{rel}","templated":true}]}}