{"id":44728,"date":"2024-04-19T17:32:43","date_gmt":"2024-04-19T17:32:43","guid":{"rendered":"http:\/\/lahora.mx\/?p=44728"},"modified":"2024-04-19T17:32:43","modified_gmt":"2024-04-19T17:32:43","slug":"amlo-habla-sobre-lamborghini-de-los-martinez","status":"publish","type":"post","link":"https:\/\/lahora.mx\/index.php\/2024\/04\/19\/amlo-habla-sobre-lamborghini-de-los-martinez\/","title":{"rendered":"AMLO habla sobre Lamborghini de los Mart\u00ednez"},"content":{"rendered":"\n<p>El presidente Andr\u00e9s Manuel L\u00f3pez Obrador asegur\u00f3 que es pecado social que candidatos se paseen con camionetas de millones de pesos en comunidades con pobreza, por lo que les aconsej\u00f3 no presumir, esto tras el caso de la camioneta Lamborghini de la aspirante a la presidencia municipal de Quecholac por el PSI, Guadalupe Mart\u00ednez.<\/p>\n\n\n\n<p>En su tradicional ma\u00f1anera, L\u00f3pez Obrador asegur\u00f3 que esos candidatos que presumen opulencia en regiones con alta marginaci\u00f3n no van a ganar por ning\u00fan cargo, ya que la gente de ese lugar se va a dar cuenta de los lujos del personaje en cuesti\u00f3n.<\/p>\n\n\n\n<p>Lament\u00f3 el Presidente que casos como estos se sigan replicando y se agudicen en el periodo de campa\u00f1a electoral en el que se encuentra todo el pa\u00eds, por lo que es una pena. Sin embargo, a la reportera que le hizo la pregunta le dijo que no le interesaba saber qu\u00e9 candidata era ni por cu\u00e1l partido iba a competir.<\/p>\n\n\n\n<p>\u00abSi hay un candidato que aparece con una camioneta que vale entre 5 y 6 millones de pesos en una comunidad pobre, pues no va a ganar, la gente no creo que le apoye. No quiero saber qui\u00e9n es ni de qu\u00e9 partido es\u00bb, refiri\u00f3.<\/p>\n\n\n\n<p>Por otra parte, aconsej\u00f3 a los candidatos que participar\u00e1n en las elecciones a no presumir, e incluso llam\u00f3 fantoches a los que no les importa comportarse de esa manera.<\/p>\n\n\n\n<p>A\u00f1adi\u00f3 que es pecado social lo que hacen esos candidatos habiendo tanta pobreza en el pa\u00eds, pues ver que hay gente que vive con el salario m\u00ednimo, y a veces ni puede comprar para comer, junto a otros que se pasean con autom\u00f3viles de millones de pesos es lamentable.<\/p>\n\n\n\n<p>Finalmente, indic\u00f3 que si un empresario se le ve conducir autos caros est\u00e1 bien, pues si se lo compr\u00f3 de manera correcta, sin corrupci\u00f3n, es bueno que lo tenga, pero qu\u00e9 pasa con un candidato a ser funcionario p\u00fablico.<\/p>\n\n\n\n<p>\u00abDarle un consejo a los candidatos, que no sean presumidos, fantoches, que es pecado social la ostentaci\u00f3n, opulencia, pecado social, habiendo tanta pobreza, imag\u00ednense alguien que presume, si es empresario puede hacerlo, pero si es funcionario p\u00fablico imag\u00ednense\u00bb, asegur\u00f3.<\/p>\n\n\n\n<p>En d\u00edas pasados, e-consulta exhibi\u00f3 que la candidata a la presidencia municipal de Quecholac, Lupita Mart\u00ednez, se le vio pasear junto a un familiar en una camioneta Lamborghini Urus en las calles de la ciudad por la que compite, en medio del periodo de campa\u00f1a electoral en el que se encuentra la entidad poblana.<\/p>\n","protected":false},"excerpt":{"rendered":"<p>El presidente Andr\u00e9s Manuel L\u00f3pez Obrador asegur\u00f3 que es pecado social que candidatos se paseen con camionetas de millones de pesos en comunidades con pobreza, por lo que les aconsej\u00f3 no presumir, esto tras el caso de la camioneta Lamborghini de la aspirante a la presidencia municipal de Quecholac por el PSI, Guadalupe Mart\u00ednez. En [&hellip;]<\/p>\n","protected":false},"author":4,"featured_media":44729,"comment_status":"open","ping_status":"open","sticky":false,"template":"","format":"standard","meta":{"om_disable_all_campaigns":false,"_monsterinsights_skip_tracking":false,"_monsterinsights_sitenote_active":false,"_monsterinsights_sitenote_note":"","_monsterinsights_sitenote_category":0,"footnotes":""},"categories":[176],"tags":[223],"class_list":["post-44728","post","type-post","status-publish","format-standard","has-post-thumbnail","hentry","category-nacional","tag-puebla"],"amp_enabled":true,"_links":{"self":[{"href":"https:\/\/lahora.mx\/index.php\/wp-json\/wp\/v2\/posts\/44728","targetHints":{"allow":["GET"]}}],"collection":[{"href":"https:\/\/lahora.mx\/index.php\/wp-json\/wp\/v2\/posts"}],"about":[{"href":"https:\/\/lahora.mx\/index.php\/wp-json\/wp\/v2\/types\/post"}],"author":[{"embeddable":true,"href":"https:\/\/lahora.mx\/index.php\/wp-json\/wp\/v2\/users\/4"}],"replies":[{"embeddable":true,"href":"https:\/\/lahora.mx\/index.php\/wp-json\/wp\/v2\/comments?post=44728"}],"version-history":[{"count":1,"href":"https:\/\/lahora.mx\/index.php\/wp-json\/wp\/v2\/posts\/44728\/revisions"}],"predecessor-version":[{"id":44730,"href":"https:\/\/lahora.mx\/index.php\/wp-json\/wp\/v2\/posts\/44728\/revisions\/44730"}],"wp:featuredmedia":[{"embeddable":true,"href":"https:\/\/lahora.mx\/index.php\/wp-json\/wp\/v2\/media\/44729"}],"wp:attachment":[{"href":"https:\/\/lahora.mx\/index.php\/wp-json\/wp\/v2\/media?parent=44728"}],"wp:term":[{"taxonomy":"category","embeddable":true,"href":"https:\/\/lahora.mx\/index.php\/wp-json\/wp\/v2\/categories?post=44728"},{"taxonomy":"post_tag","embeddable":true,"href":"https:\/\/lahora.mx\/index.php\/wp-json\/wp\/v2\/tags?post=44728"}],"curies":[{"name":"wp","href":"https:\/\/api.w.org\/{rel}","templated":true}]}}