{"id":44722,"date":"2024-04-19T16:02:40","date_gmt":"2024-04-19T16:02:40","guid":{"rendered":"http:\/\/lahora.mx\/?p=44722"},"modified":"2024-04-19T16:02:40","modified_gmt":"2024-04-19T16:02:40","slug":"falla-en-refineria-de-minatitlan-provoca-incendio","status":"publish","type":"post","link":"https:\/\/lahora.mx\/index.php\/2024\/04\/19\/falla-en-refineria-de-minatitlan-provoca-incendio\/","title":{"rendered":"Falla en Refiner\u00eda de Minatitl\u00e1n provoca incendio"},"content":{"rendered":"\n<p>Durante los primeros minutos de este viernes 19 de abril se activaron los protocolos de seguridad debido a una falla en una de las plantas de la Refiner\u00eda de Minatitl\u00e1n, lo que provoc\u00f3 un desfogue controlado de producto, mecanismo que se pone en operaci\u00f3n para asegurar la planta.<\/p>\n\n\n\n<p>El ruido del desfogue alert\u00f3 a la poblaci\u00f3n Minatitl\u00e1n y otros municipios de la zona sur de Veracruz.<\/p>\n\n\n\n<p>Derivado de la emergencia, en la puerta norte se observ\u00f3 fuego en una torre; sin embargo, los trabajadores de Pemex catalogaron como \u00abnormal\u201d. Por este hecho se despleg\u00f3 la Polic\u00eda Municipal y Protecci\u00f3n Civil, ante el hermetismo de las autoridades y trabajadores de la refiner\u00eda.<\/p>\n\n\n\n<p>Datos recabados indican que de inmediato personal de contraincendios se activ\u00f3 para atender la emergencia que se present\u00f3 en la planta termoel\u00e9ctrica n\u00famero III y que fue controlada con \u00e9xito. No hubo reporte de trabajadores lesionados y tampoco da\u00f1os al medio ambiente, aunque, como consecuencia de este incidente algunas plantas de la refiner\u00eda fueron \u00abapagadas\u00bb.<br>A la refiner\u00eda ingres\u00f3 personal especializado de la petrolera en varias camionetas para atender este incidente. Cerca de una hora se realiz\u00f3 un desfogue de producto, a la par que continuaba el incendio en una torre, al parecer de destilaci\u00f3n. Finalmente se observ\u00f3 c\u00f3mo de la estructura dej\u00f3 de salir fuego y s\u00f3lo se percib\u00eda una columna de humo.<br><\/p>\n\n\n\n<p>Hasta el momento de la edici\u00f3n de esta nota, Petr\u00f3leos Mexicanos (Pemex) no ha emitido un comunicado al respecto del incidente, situaci\u00f3n que mantuvo en alerta a los minatitlecos, quienes se mostraron preocupados por los accidentes que se han estado presentando con frecuencia en la refiner\u00eda.<\/p>\n","protected":false},"excerpt":{"rendered":"<p>Durante los primeros minutos de este viernes 19 de abril se activaron los protocolos de seguridad debido a una falla en una de las plantas de la Refiner\u00eda de Minatitl\u00e1n, lo que provoc\u00f3 un desfogue controlado de producto, mecanismo que se pone en operaci\u00f3n para asegurar la planta. El ruido del desfogue alert\u00f3 a la [&hellip;]<\/p>\n","protected":false},"author":4,"featured_media":44723,"comment_status":"open","ping_status":"open","sticky":false,"template":"","format":"standard","meta":{"om_disable_all_campaigns":false,"_monsterinsights_skip_tracking":false,"_monsterinsights_sitenote_active":false,"_monsterinsights_sitenote_note":"","_monsterinsights_sitenote_category":0,"footnotes":""},"categories":[176],"tags":[195],"class_list":["post-44722","post","type-post","status-publish","format-standard","has-post-thumbnail","hentry","category-nacional","tag-principal"],"amp_enabled":true,"_links":{"self":[{"href":"https:\/\/lahora.mx\/index.php\/wp-json\/wp\/v2\/posts\/44722","targetHints":{"allow":["GET"]}}],"collection":[{"href":"https:\/\/lahora.mx\/index.php\/wp-json\/wp\/v2\/posts"}],"about":[{"href":"https:\/\/lahora.mx\/index.php\/wp-json\/wp\/v2\/types\/post"}],"author":[{"embeddable":true,"href":"https:\/\/lahora.mx\/index.php\/wp-json\/wp\/v2\/users\/4"}],"replies":[{"embeddable":true,"href":"https:\/\/lahora.mx\/index.php\/wp-json\/wp\/v2\/comments?post=44722"}],"version-history":[{"count":1,"href":"https:\/\/lahora.mx\/index.php\/wp-json\/wp\/v2\/posts\/44722\/revisions"}],"predecessor-version":[{"id":44724,"href":"https:\/\/lahora.mx\/index.php\/wp-json\/wp\/v2\/posts\/44722\/revisions\/44724"}],"wp:featuredmedia":[{"embeddable":true,"href":"https:\/\/lahora.mx\/index.php\/wp-json\/wp\/v2\/media\/44723"}],"wp:attachment":[{"href":"https:\/\/lahora.mx\/index.php\/wp-json\/wp\/v2\/media?parent=44722"}],"wp:term":[{"taxonomy":"category","embeddable":true,"href":"https:\/\/lahora.mx\/index.php\/wp-json\/wp\/v2\/categories?post=44722"},{"taxonomy":"post_tag","embeddable":true,"href":"https:\/\/lahora.mx\/index.php\/wp-json\/wp\/v2\/tags?post=44722"}],"curies":[{"name":"wp","href":"https:\/\/api.w.org\/{rel}","templated":true}]}}