{"id":44703,"date":"2024-04-19T01:54:03","date_gmt":"2024-04-19T01:54:03","guid":{"rendered":"http:\/\/lahora.mx\/?p=44703"},"modified":"2024-04-19T01:54:03","modified_gmt":"2024-04-19T01:54:03","slug":"ignacio-mier-menciona-estar-listo-para-el-debate","status":"publish","type":"post","link":"https:\/\/lahora.mx\/index.php\/2024\/04\/19\/ignacio-mier-menciona-estar-listo-para-el-debate\/","title":{"rendered":"Ignacio Mier menciona estar listo para el debate"},"content":{"rendered":"\n<p>\u201cEn el formato que quieran, con los temas que quieran\u201d, fue lo que declar\u00f3 el candidato al Senado de la Rep\u00fablica, Ignacio Mier Velazco, al preguntarle acerca del debate que organizar\u00e1 el Instituto Nacional Electoral (INE). El tambi\u00e9n coordinador de los diputados de Morena confirm\u00f3 su asistencia y aprovech\u00f3 para dar a conocer que la Benem\u00e9rita Universidad Aut\u00f3noma de Puebla (BUAP) ser\u00e1 la sede.<\/p>\n\n\n\n<p>\u201cEst\u00e1 una comisi\u00f3n y en esa comisi\u00f3n hay un representante por parte de los candidatos, en el caso m\u00edo ah\u00ed han estado presente, se han reunido en tres ocasiones. En la primera oportunidad discutieron la din\u00e1mica, si era la participaci\u00f3n de la formula en su conjunto o si era quien las encabezan y despu\u00e9s qui\u00e9nes nos acompa\u00f1an, la determinaci\u00f3n de los 10 temas y el formato\u201d, detall\u00f3.<br><\/p>\n\n\n\n<p>Confirm\u00f3 que este 17 de abril se determin\u00f3 que la Benem\u00e9rita Universidad Aut\u00f3noma del Estado de Puebla (BUAP) ser\u00e1 la sede del debate y que sus medios de comunicaci\u00f3n ser\u00e1n los encargados de transmitirlo. En suma, se podr\u00e1n incorporar las plataformas digitales de los dem\u00e1s medios de comunicaci\u00f3n y los candidatos podr\u00e1n transmitir en sus p\u00e1ginas.<\/p>\n\n\n\n<p>Los temas se van a sortear (no especific\u00f3 cu\u00e1les ser\u00e1n) y \u00e9l espera que sea un mecanismo \u00e1gil, con respeto y sin descalificaciones. Sin embargo, acept\u00f3 que los \u201cmecanismos r\u00edgidos\u201d no le gustan, ya que le gusta que las ideas se expresen de manera libre, pero entiende que, por el tiempo, todos los candidatos se tienen que ajustar.<\/p>\n\n\n\n<p>\u201cUstedes me conocen, yo tengo una propuesta de agenda legislativa clara, puntual para cada uno de los temas de la vida nacional. El Senado de la Rep\u00fablica representa al Estado Mexicano y tiene de manera puntual funciones especificas (\u2026) se centra en los temas de car\u00e1cter judicial, de relaciones exteriores y de manera colegiada el resto de las leyes\u201d, coment\u00f3.<br><\/p>\n\n\n\n<p>Al preguntarle si participar\u00e1 en los eventos de campa\u00f1a del aspirante al gobierno de Puebla, Alejandro Armenta Mier, respondi\u00f3 que s\u00ed, s\u00f3lo que su campa\u00f1a la har\u00e1 los fines de semana, ya que hay lineamientos que lo regulan y de lunes a mi\u00e9rcoles seguir\u00e1 siendo coordinador de los diputados morenistas. \u201cYo fui el que elabor\u00f3 los lineamientos y no voy a ser el primero en violentarlos (\u2026) a partir del jueves si no hay nada, puedo hacer campa\u00f1a\u201d, declar\u00f3.<\/p>\n\n\n\n<p>El pr\u00f3ximo jueves se tiene previsto que la candidata a la presidencia de M\u00e9xico, Claudia Sheinbaum Pardo, acuda al territorio poblano y Mier dijo que en este tipo de eventos s\u00ed tiene que acudir para externarle su apoyo. \u201cDebemos estar para mostrarle la fuerza y uni\u00f3n del movimiento\u201d, indic\u00f3.<\/p>\n\n\n\n<p>Tambi\u00e9n fue cuestionado por el nepotismo y Mier Velazco dijo que el pueblo es quien elige a sus abanderados y que en las definiciones electorales no puede existir dicha acci\u00f3n porque es una decisi\u00f3n que le corresponde al voto individual de los mexicanos. \u201cEs distinto cuando t\u00fa, teniendo un cargo o una posici\u00f3n, en cualquiera de las dependencias que integran el Ejecutivo, designen o coloquen a un pariente\u201d, opin\u00f3.<\/p>\n\n\n\n<p>Lo anterior lo dio a conocer en el Foro de Di\u00e1logo Estatal por la Democracia y la Justicia, donde los participantes analizaron la reforma al Poder Judicial, la cual consideraron que es urgente y necesaria. Una de las premisas fue que se quieren leyes eficaces para que las y los mexicanos tengan acceso a la justicia pronta, expedita y gratuita.<\/p>\n","protected":false},"excerpt":{"rendered":"<p>\u201cEn el formato que quieran, con los temas que quieran\u201d, fue lo que declar\u00f3 el candidato al Senado de la Rep\u00fablica, Ignacio Mier Velazco, al preguntarle acerca del debate que organizar\u00e1 el Instituto Nacional Electoral (INE). El tambi\u00e9n coordinador de los diputados de Morena confirm\u00f3 su asistencia y aprovech\u00f3 para dar a conocer que la [&hellip;]<\/p>\n","protected":false},"author":4,"featured_media":44704,"comment_status":"open","ping_status":"open","sticky":false,"template":"","format":"standard","meta":{"om_disable_all_campaigns":false,"_monsterinsights_skip_tracking":false,"_monsterinsights_sitenote_active":false,"_monsterinsights_sitenote_note":"","_monsterinsights_sitenote_category":0,"footnotes":""},"categories":[176,5],"tags":[128],"class_list":["post-44703","post","type-post","status-publish","format-standard","has-post-thumbnail","hentry","category-nacional","category-politica","tag-politics"],"amp_enabled":true,"_links":{"self":[{"href":"https:\/\/lahora.mx\/index.php\/wp-json\/wp\/v2\/posts\/44703","targetHints":{"allow":["GET"]}}],"collection":[{"href":"https:\/\/lahora.mx\/index.php\/wp-json\/wp\/v2\/posts"}],"about":[{"href":"https:\/\/lahora.mx\/index.php\/wp-json\/wp\/v2\/types\/post"}],"author":[{"embeddable":true,"href":"https:\/\/lahora.mx\/index.php\/wp-json\/wp\/v2\/users\/4"}],"replies":[{"embeddable":true,"href":"https:\/\/lahora.mx\/index.php\/wp-json\/wp\/v2\/comments?post=44703"}],"version-history":[{"count":1,"href":"https:\/\/lahora.mx\/index.php\/wp-json\/wp\/v2\/posts\/44703\/revisions"}],"predecessor-version":[{"id":44705,"href":"https:\/\/lahora.mx\/index.php\/wp-json\/wp\/v2\/posts\/44703\/revisions\/44705"}],"wp:featuredmedia":[{"embeddable":true,"href":"https:\/\/lahora.mx\/index.php\/wp-json\/wp\/v2\/media\/44704"}],"wp:attachment":[{"href":"https:\/\/lahora.mx\/index.php\/wp-json\/wp\/v2\/media?parent=44703"}],"wp:term":[{"taxonomy":"category","embeddable":true,"href":"https:\/\/lahora.mx\/index.php\/wp-json\/wp\/v2\/categories?post=44703"},{"taxonomy":"post_tag","embeddable":true,"href":"https:\/\/lahora.mx\/index.php\/wp-json\/wp\/v2\/tags?post=44703"}],"curies":[{"name":"wp","href":"https:\/\/api.w.org\/{rel}","templated":true}]}}