{"id":44478,"date":"2024-04-14T18:13:00","date_gmt":"2024-04-14T18:13:00","guid":{"rendered":"http:\/\/lahora.mx\/?p=44478"},"modified":"2024-04-14T18:14:07","modified_gmt":"2024-04-14T18:14:07","slug":"el-papa-francisco-llama-a-frenar-espiral-de-violencia-tras-ataque-de-iran-contra-israel","status":"publish","type":"post","link":"https:\/\/lahora.mx\/index.php\/2024\/04\/14\/el-papa-francisco-llama-a-frenar-espiral-de-violencia-tras-ataque-de-iran-contra-israel\/","title":{"rendered":"El papa Francisco llama a frenar \u00abespiral de violencia\u00bb tras ataque de Ir\u00e1n contra Israel"},"content":{"rendered":"\n<p>El papa Francisco llam\u00f3 este domingo a Ir\u00e1n e Israel a evitar acciones que alienten \u00abuna espiral de violencia\u00bb que podr\u00eda sumir a Medio Oriente en un conflicto m\u00e1s profundo.<\/p>\n\n\n\n<p>Al dirigirse a los fieles congregados en la Plaza de San Pedro, Francisco dijo que hab\u00eda seguido con preocupaci\u00f3n y dolor las noticias sobre el ataque iran\u00ed con drones y misiles contra Israel.<\/p>\n\n\n\n<p>\u00abHago un llamamiento de coraz\u00f3n para que se detenga cualquier acci\u00f3n que pueda alimentar una espiral de violencia con el riesgo de arrastrar a Oriente Medio a un conflicto a\u00fan mayor\u00bb, dijo.<\/p>\n\n\n\n<p>\u00abNadie debe amenazar la existencia de los dem\u00e1s. Por el contrario, todas las naciones deben defender la paz y ayudar a israel\u00edes y palestinos a vivir en dos Estados, uno al lado del otro, en condiciones de seguridad\u00bb, a\u00f1adi\u00f3.<\/p>\n\n\n\n<p>El papa pidi\u00f3 un alto el fuego en Gaza y negociaciones que permitan proporcionar ayuda humanitaria a su poblaci\u00f3n y ayudar a liberar a los rehenes israel\u00edes secuestrados por Ham\u00e1s en su ataque del 7 de octubre contra Israel.<\/p>\n","protected":false},"excerpt":{"rendered":"<p>El papa Francisco llam\u00f3 este domingo a Ir\u00e1n e Israel a evitar acciones que alienten \u00abuna espiral de violencia\u00bb que podr\u00eda sumir a Medio Oriente en un conflicto m\u00e1s profundo. Al dirigirse a los fieles congregados en la Plaza de San Pedro, Francisco dijo que hab\u00eda seguido con preocupaci\u00f3n y dolor las noticias sobre el [&hellip;]<\/p>\n","protected":false},"author":4,"featured_media":44480,"comment_status":"open","ping_status":"open","sticky":false,"template":"","format":"standard","meta":{"om_disable_all_campaigns":false,"_monsterinsights_skip_tracking":false,"_monsterinsights_sitenote_active":false,"_monsterinsights_sitenote_note":"","_monsterinsights_sitenote_category":0,"footnotes":""},"categories":[183],"tags":[],"class_list":["post-44478","post","type-post","status-publish","format-standard","has-post-thumbnail","hentry","category-internacional"],"amp_enabled":true,"_links":{"self":[{"href":"https:\/\/lahora.mx\/index.php\/wp-json\/wp\/v2\/posts\/44478","targetHints":{"allow":["GET"]}}],"collection":[{"href":"https:\/\/lahora.mx\/index.php\/wp-json\/wp\/v2\/posts"}],"about":[{"href":"https:\/\/lahora.mx\/index.php\/wp-json\/wp\/v2\/types\/post"}],"author":[{"embeddable":true,"href":"https:\/\/lahora.mx\/index.php\/wp-json\/wp\/v2\/users\/4"}],"replies":[{"embeddable":true,"href":"https:\/\/lahora.mx\/index.php\/wp-json\/wp\/v2\/comments?post=44478"}],"version-history":[{"count":1,"href":"https:\/\/lahora.mx\/index.php\/wp-json\/wp\/v2\/posts\/44478\/revisions"}],"predecessor-version":[{"id":44479,"href":"https:\/\/lahora.mx\/index.php\/wp-json\/wp\/v2\/posts\/44478\/revisions\/44479"}],"wp:featuredmedia":[{"embeddable":true,"href":"https:\/\/lahora.mx\/index.php\/wp-json\/wp\/v2\/media\/44480"}],"wp:attachment":[{"href":"https:\/\/lahora.mx\/index.php\/wp-json\/wp\/v2\/media?parent=44478"}],"wp:term":[{"taxonomy":"category","embeddable":true,"href":"https:\/\/lahora.mx\/index.php\/wp-json\/wp\/v2\/categories?post=44478"},{"taxonomy":"post_tag","embeddable":true,"href":"https:\/\/lahora.mx\/index.php\/wp-json\/wp\/v2\/tags?post=44478"}],"curies":[{"name":"wp","href":"https:\/\/api.w.org\/{rel}","templated":true}]}}