{"id":44471,"date":"2024-04-14T17:48:42","date_gmt":"2024-04-14T17:48:42","guid":{"rendered":"http:\/\/lahora.mx\/?p=44471"},"modified":"2024-04-14T17:48:42","modified_gmt":"2024-04-14T17:48:42","slug":"lideres-del-g7-ratifican-su-pleno-apoyo-a-israel-tras-ataque-de-iran","status":"publish","type":"post","link":"https:\/\/lahora.mx\/index.php\/2024\/04\/14\/lideres-del-g7-ratifican-su-pleno-apoyo-a-israel-tras-ataque-de-iran\/","title":{"rendered":"L\u00edderes del G7 ratifican su pleno apoyo a Israel tras ataque de Ir\u00e1n"},"content":{"rendered":"\n<p>El G7 ratifica en un comunicado su pleno apoyo a Israel tras ataque de Ir\u00e1n. Los jefes de Estado y de gobierno del G7 anunciaron por la ma\u00f1ana que mantendr\u00edan una videoconferencia este domingo por la tarde \u00abpara hablar sobre el ataque iran\u00ed contra Israel\u00bb, anunci\u00f3 el gobierno italiano, que actualmente preside el grupo de principales potencias occidentales.<\/p>\n\n\n\n<p>La presidencia italiana del G7 convoc\u00f3 hoy, a primera hora de la tarde, una videoconferencia de l\u00edderes\u00bb, indic\u00f3 el ejecutivo italiano en un breve comunicado.<\/p>\n\n\n\n<p>El G7 est\u00e1 formado por Italia, Estados Unidos, Canad\u00e1, el Reino Unido, Francia, Alemania y Jap\u00f3n.<\/p>\n\n\n\n<p>La reuni\u00f3n fue convocada de manera urgente despu\u00e9s de que Ir\u00e1n lanzara un ataque nocturno con m\u00e1s de 200 drones y misiles contra Israel, en respuesta a un bombardeo contra su consulado en Damasco el 1 de abril.<br>El ataque iran\u00ed, sin precedentes, fue \u00abfrustrado\u00bb, seg\u00fan el ej\u00e9rcito israel\u00ed.<\/p>\n\n\n\n<p>El Consejo de Seguridad de la ONU tambi\u00e9n prev\u00e9 reunirse este domingo a ra\u00edz del ataque, que llev\u00f3 al secretario general de Naciones Unidas, Ant\u00f3nio Guterres, a condenar \u00abuna grave escalada\u00bb.<\/p>\n\n\n\n<p>El presidente franc\u00e9s, Emmanuel Macron, conden\u00f3 \u00aben los t\u00e9rminos m\u00e1s en\u00e9rgicos posibles el ataque sin precedentes lanzado por Ir\u00e1n contra Israel\u00bb y pidi\u00f3 \u00abcontenci\u00f3n\u00bb a las partes implicadas, seg\u00fan un mensaje publicado en la red social X el domingo.<\/p>\n\n\n\n<p>La jefa del gobierno italiano, Giorgia Meloni, conden\u00f3 tambi\u00e9n la agresi\u00f3n y expres\u00f3 su \u00abgran preocupaci\u00f3n por una mayor desestabilizaci\u00f3n de la regi\u00f3n\u00bb.<\/p>\n\n\n\n<p>El jefe de gobierno alem\u00e1n, Olaf Scholz, advirti\u00f3 a su vez contra el riesgo de \u00abconflagraci\u00f3n\u00bb en la regi\u00f3n, que podr\u00eda \u00abdescender al caos\u00bb, seg\u00fan la jefa de la diplomacia alemana, Annalena Baerbock.<\/p>\n\n\n\n<p>El primer ministro brit\u00e1nico, Rishi Sunak, inform\u00f3 que la fuerza a\u00e9rea del pa\u00eds logr\u00f3 abatir \u00abvarios\u00bb drones iran\u00edes durante el ataque.<\/p>\n\n\n\n<p>El ministro tambi\u00e9n inst\u00f3 \u00aba la calma\u00bb, en un video retransmitido por Dsu oficina poca antes de la reuni\u00f3n del G7.<\/p>\n","protected":false},"excerpt":{"rendered":"<p>El G7 ratifica en un comunicado su pleno apoyo a Israel tras ataque de Ir\u00e1n. Los jefes de Estado y de gobierno del G7 anunciaron por la ma\u00f1ana que mantendr\u00edan una videoconferencia este domingo por la tarde \u00abpara hablar sobre el ataque iran\u00ed contra Israel\u00bb, anunci\u00f3 el gobierno italiano, que actualmente preside el grupo de [&hellip;]<\/p>\n","protected":false},"author":4,"featured_media":44472,"comment_status":"open","ping_status":"open","sticky":false,"template":"","format":"standard","meta":{"om_disable_all_campaigns":false,"_monsterinsights_skip_tracking":false,"_monsterinsights_sitenote_active":false,"_monsterinsights_sitenote_note":"","_monsterinsights_sitenote_category":0,"footnotes":""},"categories":[183],"tags":[],"class_list":["post-44471","post","type-post","status-publish","format-standard","has-post-thumbnail","hentry","category-internacional"],"amp_enabled":true,"_links":{"self":[{"href":"https:\/\/lahora.mx\/index.php\/wp-json\/wp\/v2\/posts\/44471","targetHints":{"allow":["GET"]}}],"collection":[{"href":"https:\/\/lahora.mx\/index.php\/wp-json\/wp\/v2\/posts"}],"about":[{"href":"https:\/\/lahora.mx\/index.php\/wp-json\/wp\/v2\/types\/post"}],"author":[{"embeddable":true,"href":"https:\/\/lahora.mx\/index.php\/wp-json\/wp\/v2\/users\/4"}],"replies":[{"embeddable":true,"href":"https:\/\/lahora.mx\/index.php\/wp-json\/wp\/v2\/comments?post=44471"}],"version-history":[{"count":1,"href":"https:\/\/lahora.mx\/index.php\/wp-json\/wp\/v2\/posts\/44471\/revisions"}],"predecessor-version":[{"id":44473,"href":"https:\/\/lahora.mx\/index.php\/wp-json\/wp\/v2\/posts\/44471\/revisions\/44473"}],"wp:featuredmedia":[{"embeddable":true,"href":"https:\/\/lahora.mx\/index.php\/wp-json\/wp\/v2\/media\/44472"}],"wp:attachment":[{"href":"https:\/\/lahora.mx\/index.php\/wp-json\/wp\/v2\/media?parent=44471"}],"wp:term":[{"taxonomy":"category","embeddable":true,"href":"https:\/\/lahora.mx\/index.php\/wp-json\/wp\/v2\/categories?post=44471"},{"taxonomy":"post_tag","embeddable":true,"href":"https:\/\/lahora.mx\/index.php\/wp-json\/wp\/v2\/tags?post=44471"}],"curies":[{"name":"wp","href":"https:\/\/api.w.org\/{rel}","templated":true}]}}