{"id":4434,"date":"2022-03-19T18:30:07","date_gmt":"2022-03-19T18:30:07","guid":{"rendered":"http:\/\/lahora.mx\/?p=4434"},"modified":"2022-03-19T18:30:08","modified_gmt":"2022-03-19T18:30:08","slug":"358-policias-menos-en-puebla","status":"publish","type":"post","link":"https:\/\/lahora.mx\/index.php\/2022\/03\/19\/358-policias-menos-en-puebla\/","title":{"rendered":"358 policias menos en Puebla"},"content":{"rendered":"\n<p>Lo anterior debido a que en los \u00faltimos ocho meses las corporaciones a las que pertenec\u00edan los dieron de baja.<\/p>\n\n\n\n<p>Los motivos fueron desde supuestas renuncias voluntarias hasta no aprobar el examen de&nbsp;<strong>Control y Confianza<\/strong>&nbsp;que exige el&nbsp;<strong>Secretariado Ejecutivo del Sistema Nacional de Seguridad P\u00fablica.<\/strong><\/p>\n\n\n\n<p>En julio del 2021, 30 elementos de la&nbsp;<strong>Polic\u00eda Estatal&nbsp;<\/strong>fueron dados de baja de sus funciones.<\/p>\n\n\n\n<p>Aunque los uniformados aseguraron que fue porque manifestaron su inconformidad por los salarios y malos tratos tras encabezar un paro laboral, la&nbsp;<strong>Secretar\u00eda de Seguridad P\u00fablica (SSP)<\/strong>&nbsp;estatal se\u00f1al\u00f3 que fue porque no aprobaron el examen de control y confianza.<\/p>\n\n\n\n<p>Los agentes despedidos buscaron asesor\u00eda legal y contrataron a diversos litigantes para que los ayudaran en su caso.<br>Sin embargo, la dependencia no los volvi\u00f3 a recontratar y sus lugares quedaron vacantes.<\/p>\n\n\n\n<p>La<strong>\u00a0Polic\u00eda Estatal\u00a0<\/strong>se encarga de salvaguardar a los ciudadanos de toda la entidad.<br>En Puebla, existen diversas bases de operaciones desde donde los agentes refuerzan la seguridad de los municipios y las carreteras.<br>En los primeros d\u00edas de marzo de este a\u00f1o, 328 elementos salieron de la\u00a0<strong>Polic\u00eda Auxiliar.<\/strong><\/p>\n\n\n\n<p>Los uniformados se\u00f1alaron que fueron despedidos injustificadamente por los directivos.Aseguraron que contaban con el examen de control y a\u00fan as\u00ed los separaron de sus funciones.<br>La\u00a0<strong>Polic\u00eda Auxiliar<\/strong>\u00a0depende de la\u00a0<strong>Secretar\u00eda de Seguridad P\u00fablica (SSP)\u00a0<\/strong>estatal y se encarga de prestarle el servicio de seguridad a dependencias de gobierno.<br>La corporaci\u00f3n tambi\u00e9n es contratada para la vigilancia de empresas privadas, entre ellas los centros comerciales.<\/p>\n","protected":false},"excerpt":{"rendered":"<p>Lo anterior debido a que en los \u00faltimos ocho meses las corporaciones a las que pertenec\u00edan los dieron de baja. Los motivos fueron desde supuestas renuncias voluntarias hasta no aprobar el examen de&nbsp;Control y Confianza&nbsp;que exige el&nbsp;Secretariado Ejecutivo del Sistema Nacional de Seguridad P\u00fablica. En julio del 2021, 30 elementos de la&nbsp;Polic\u00eda Estatal&nbsp;fueron dados de [&hellip;]<\/p>\n","protected":false},"author":4,"featured_media":4435,"comment_status":"open","ping_status":"open","sticky":false,"template":"","format":"standard","meta":{"om_disable_all_campaigns":false,"_monsterinsights_skip_tracking":false,"_monsterinsights_sitenote_active":false,"_monsterinsights_sitenote_note":"","_monsterinsights_sitenote_category":0,"footnotes":""},"categories":[175],"tags":[223],"class_list":["post-4434","post","type-post","status-publish","format-standard","has-post-thumbnail","hentry","category-local","tag-puebla"],"amp_enabled":true,"_links":{"self":[{"href":"https:\/\/lahora.mx\/index.php\/wp-json\/wp\/v2\/posts\/4434","targetHints":{"allow":["GET"]}}],"collection":[{"href":"https:\/\/lahora.mx\/index.php\/wp-json\/wp\/v2\/posts"}],"about":[{"href":"https:\/\/lahora.mx\/index.php\/wp-json\/wp\/v2\/types\/post"}],"author":[{"embeddable":true,"href":"https:\/\/lahora.mx\/index.php\/wp-json\/wp\/v2\/users\/4"}],"replies":[{"embeddable":true,"href":"https:\/\/lahora.mx\/index.php\/wp-json\/wp\/v2\/comments?post=4434"}],"version-history":[{"count":1,"href":"https:\/\/lahora.mx\/index.php\/wp-json\/wp\/v2\/posts\/4434\/revisions"}],"predecessor-version":[{"id":4436,"href":"https:\/\/lahora.mx\/index.php\/wp-json\/wp\/v2\/posts\/4434\/revisions\/4436"}],"wp:featuredmedia":[{"embeddable":true,"href":"https:\/\/lahora.mx\/index.php\/wp-json\/wp\/v2\/media\/4435"}],"wp:attachment":[{"href":"https:\/\/lahora.mx\/index.php\/wp-json\/wp\/v2\/media?parent=4434"}],"wp:term":[{"taxonomy":"category","embeddable":true,"href":"https:\/\/lahora.mx\/index.php\/wp-json\/wp\/v2\/categories?post=4434"},{"taxonomy":"post_tag","embeddable":true,"href":"https:\/\/lahora.mx\/index.php\/wp-json\/wp\/v2\/tags?post=4434"}],"curies":[{"name":"wp","href":"https:\/\/api.w.org\/{rel}","templated":true}]}}