{"id":44103,"date":"2024-04-03T05:38:52","date_gmt":"2024-04-03T05:38:52","guid":{"rendered":"http:\/\/lahora.mx\/?p=44103"},"modified":"2024-04-03T05:38:53","modified_gmt":"2024-04-03T05:38:53","slug":"no-se-si-es-culpable-o-inocente-xochitl-galvez-habla-sobre-caso-de-su-hermana-encarcelada-por-secuestro","status":"publish","type":"post","link":"https:\/\/lahora.mx\/index.php\/2024\/04\/03\/no-se-si-es-culpable-o-inocente-xochitl-galvez-habla-sobre-caso-de-su-hermana-encarcelada-por-secuestro\/","title":{"rendered":"\u00abNo s\u00e9 si es culpable o inocente\u00bb: X\u00f3chitl G\u00e1lvez habla sobre caso de su hermana encarcelada por secuestro"},"content":{"rendered":"\n<p>Ante estudiantes del Instituto Tecnol\u00f3gico Aut\u00f3nomo de M\u00e9xico (ITAM), la candidata presidencial opositora, X\u00f3chitl G\u00e1lvez Ruiz, habl\u00f3 por primera vez en su campa\u00f1a del caso de su hermana, que est\u00e1 encarcelada como presunta integrante de un grupo de secuestradores.<\/p>\n\n\n\n<p>La abanderada de la coalici\u00f3n Fuerza y Coraz\u00f3n por M\u00e9xico se\u00f1al\u00f3 que pese a que lleva 12 a\u00f1os en prisi\u00f3n, sin sentencia, nunca ha utilizado sus cargos p\u00fablicos para tratar de liberarla.<\/p>\n\n\n\n<p>\u201cYo no s\u00e9 si es culpable, no s\u00e9 si es inocente. Ella dice que es inocente, yo le creo porque es mi hermana, pero ser\u00e1 un juez el que determine si es culpable, y si es culpable lo va a pagar, de eso tengan la certeza. En estos 12 a\u00f1os no he usado mi cargo como senadora para buscar impunidad\u201d, remarc\u00f3.<\/p>\n\n\n\n<p>Con la voz entrecortada, narr\u00f3 que visita constantemente a su hermana en prisi\u00f3n y eso le ha permitido conocer la situaci\u00f3n que prevalece en las c\u00e1rceles.<\/p>\n\n\n\n<p>\u201cNo es un tema f\u00e1cil para m\u00ed, pero lo voy a abordar, porque conozco las c\u00e1rceles por dentro. Cada semana estaba en Santa Martha Acatitla y la visit\u00e9 en una c\u00e1rcel de alta seguridad y me queda claro lo duro que es la c\u00e1rcel\u201d, se\u00f1al\u00f3.<\/p>\n\n\n\n<p>X\u00f3chitl G\u00e1lvez subray\u00f3 que es una mujer de instituciones, por lo que conf\u00eda en la justicia.<\/p>\n\n\n\n<p>X\u00f3chitl G\u00e1lvez no perdonar\u00e1 impuesto si llega a la Presidencia<\/p>\n\n\n\n<p>Ante un Auditorio Ra\u00fal Bailleres completamente lleno y cientos de estudiantes que tuvieron que seguir el evento en una pantalla de televisi\u00f3n gigante que se coloc\u00f3 en una de las explanadas del plantel, la candidata opositora dijo que respeta la ley, por lo que, de llegar a la Presidencia de la Rep\u00fablica, no perdonar\u00e1 impuestos a ning\u00fan empresario.<\/p>\n\n\n\n<p>Dijo que tampoco habr\u00e1 influyentismo y sus hijos no se beneficiar\u00e1n con contratos, pues son j\u00f3venes muy trabajadores.<\/p>\n\n\n\n<p>Se\u00f1al\u00f3 que despu\u00e9s de que ella gane las elecciones, su hijo Juan Pablo, sentado en segunda fila del auditorio, no declarar\u00e1 ante los medios que no sabe a qu\u00e9 se va a dedicar, pues ya tiene un empleo y es muy \u00abchambeador\u00bb.<\/p>\n\n\n\n<p>En otro tema, narr\u00f3 que en el a\u00f1o 2000 ella no quiso integrarse al gabinete del expresidente Vicente Fox, aunque s\u00ed acept\u00f3 hacerse cargo de la nueva oficina de atenci\u00f3n a los pueblos ind\u00edgenas.<\/p>\n\n\n\n<p>Record\u00f3 que en aquella elecci\u00f3n no vot\u00f3 por Fox, sino por Gilberto Rinc\u00f3n Gallardo.<\/p>\n","protected":false},"excerpt":{"rendered":"<p>Ante estudiantes del Instituto Tecnol\u00f3gico Aut\u00f3nomo de M\u00e9xico (ITAM), la candidata presidencial opositora, X\u00f3chitl G\u00e1lvez Ruiz, habl\u00f3 por primera vez en su campa\u00f1a del caso de su hermana, que est\u00e1 encarcelada como presunta integrante de un grupo de secuestradores. La abanderada de la coalici\u00f3n Fuerza y Coraz\u00f3n por M\u00e9xico se\u00f1al\u00f3 que pese a que lleva [&hellip;]<\/p>\n","protected":false},"author":4,"featured_media":44104,"comment_status":"open","ping_status":"open","sticky":false,"template":"","format":"standard","meta":{"om_disable_all_campaigns":false,"_monsterinsights_skip_tracking":false,"_monsterinsights_sitenote_active":false,"_monsterinsights_sitenote_note":"","_monsterinsights_sitenote_category":0,"footnotes":""},"categories":[176],"tags":[],"class_list":["post-44103","post","type-post","status-publish","format-standard","has-post-thumbnail","hentry","category-nacional"],"amp_enabled":true,"_links":{"self":[{"href":"https:\/\/lahora.mx\/index.php\/wp-json\/wp\/v2\/posts\/44103","targetHints":{"allow":["GET"]}}],"collection":[{"href":"https:\/\/lahora.mx\/index.php\/wp-json\/wp\/v2\/posts"}],"about":[{"href":"https:\/\/lahora.mx\/index.php\/wp-json\/wp\/v2\/types\/post"}],"author":[{"embeddable":true,"href":"https:\/\/lahora.mx\/index.php\/wp-json\/wp\/v2\/users\/4"}],"replies":[{"embeddable":true,"href":"https:\/\/lahora.mx\/index.php\/wp-json\/wp\/v2\/comments?post=44103"}],"version-history":[{"count":1,"href":"https:\/\/lahora.mx\/index.php\/wp-json\/wp\/v2\/posts\/44103\/revisions"}],"predecessor-version":[{"id":44105,"href":"https:\/\/lahora.mx\/index.php\/wp-json\/wp\/v2\/posts\/44103\/revisions\/44105"}],"wp:featuredmedia":[{"embeddable":true,"href":"https:\/\/lahora.mx\/index.php\/wp-json\/wp\/v2\/media\/44104"}],"wp:attachment":[{"href":"https:\/\/lahora.mx\/index.php\/wp-json\/wp\/v2\/media?parent=44103"}],"wp:term":[{"taxonomy":"category","embeddable":true,"href":"https:\/\/lahora.mx\/index.php\/wp-json\/wp\/v2\/categories?post=44103"},{"taxonomy":"post_tag","embeddable":true,"href":"https:\/\/lahora.mx\/index.php\/wp-json\/wp\/v2\/tags?post=44103"}],"curies":[{"name":"wp","href":"https:\/\/api.w.org\/{rel}","templated":true}]}}