{"id":44093,"date":"2024-04-03T04:47:40","date_gmt":"2024-04-03T04:47:40","guid":{"rendered":"http:\/\/lahora.mx\/?p=44093"},"modified":"2024-04-03T04:47:41","modified_gmt":"2024-04-03T04:47:41","slug":"a-cinco-dias-del-debate-presidencial-claudia-sheinbaum-afirma-que-tiene-el-mejor-proyecto","status":"publish","type":"post","link":"https:\/\/lahora.mx\/index.php\/2024\/04\/03\/a-cinco-dias-del-debate-presidencial-claudia-sheinbaum-afirma-que-tiene-el-mejor-proyecto\/","title":{"rendered":"A cinco d\u00edas del debate presidencial, Claudia Sheinbaum afirma que tiene el mejor proyecto"},"content":{"rendered":"\n<p>A cinco d\u00edas que se lleve acab\u00f3 el primer debate presidencial, la candidata presidencial de la coalici\u00f3n Sigamos Haciendo Historia, Claudia Sheinbaum, asegur\u00f3 que se va a enfocar en presentar propuestas, ya que asegura que tienen el mejor proyecto.<\/p>\n\n\n\n<p>\u00abNos vamos a preparar y sobre todo va a ser un debate de nuestro lado de propuestas, eso es lo que queremos presentar. Tenemos el mejor proyecto y adem\u00e1s el apoyo del pueblo de M\u00e9xico\u00bb, explic\u00f3.<\/p>\n\n\n\n<p>Sobre que los moderadores Denise Maerker Salm\u00f3n y Manuel L\u00f3pez San Mart\u00edn tendr\u00e1n la oportunidad de elegir las preguntas para los candidatos, Sheinbaum conf\u00eda que se actuar\u00e1 profesionalmente, aunque dijo que no deber\u00edan de recibir las preguntas de los ciudadanos antes.<\/p>\n\n\n\n<p>Sobre la guerra sucia que ha orquestado la oposici\u00f3n, Sheinbaum asegur\u00f3 que no ha funcionando, y que la muestra de ello que que no ha bajado ni un punto en las encuestas.<\/p>\n\n\n\n<p>\u00abNo les est\u00e1 funcionando, es lo que hay que llamar la atenci\u00f3n. Imag\u00ednense un candidato o candidata, en cualquier lugar del mundo, un mes con un trending topic pagado internacionalmente y no hemos bajado ni un punto en las encuestas. \u00bfQu\u00e9 quiere decir eso?, que la gente est\u00e1 muy despierta y que ya no se deja llevar por estas noticias falsas\u00bb, explic\u00f3 en conferencia de prensa.<\/p>\n\n\n\n<p>Sheinbaum aprovech\u00f3 para desmentir la noticia falsa, que la acusaba de querer cerrar la Bas\u00edlica de Guadalupe.<\/p>\n\n\n\n<p>\u00abYa no saben ni qu\u00e9 inventar, es absolutamente falso. La Bas\u00edlica de Guadalupe es quiz\u00e1 el centro religioso m\u00e1s importante de nuestro pa\u00eds, sino de Am\u00e9rica Latina y quiz\u00e1 del mundo.<\/p>\n\n\n\n<p>Adem\u00e1s la devoci\u00f3n a la Virgen de Guadalupe de nuestro pueblo es enorme. Ya no saben qu\u00e9 inventar para afectarnos, es una noticia falsa\u00bb, mencion\u00f3 la candidata.<\/p>\n","protected":false},"excerpt":{"rendered":"<p>A cinco d\u00edas que se lleve acab\u00f3 el primer debate presidencial, la candidata presidencial de la coalici\u00f3n Sigamos Haciendo Historia, Claudia Sheinbaum, asegur\u00f3 que se va a enfocar en presentar propuestas, ya que asegura que tienen el mejor proyecto. \u00abNos vamos a preparar y sobre todo va a ser un debate de nuestro lado de [&hellip;]<\/p>\n","protected":false},"author":4,"featured_media":44094,"comment_status":"open","ping_status":"open","sticky":false,"template":"","format":"standard","meta":{"om_disable_all_campaigns":false,"_monsterinsights_skip_tracking":false,"_monsterinsights_sitenote_active":false,"_monsterinsights_sitenote_note":"","_monsterinsights_sitenote_category":0,"footnotes":""},"categories":[176],"tags":[],"class_list":["post-44093","post","type-post","status-publish","format-standard","has-post-thumbnail","hentry","category-nacional"],"amp_enabled":true,"_links":{"self":[{"href":"https:\/\/lahora.mx\/index.php\/wp-json\/wp\/v2\/posts\/44093","targetHints":{"allow":["GET"]}}],"collection":[{"href":"https:\/\/lahora.mx\/index.php\/wp-json\/wp\/v2\/posts"}],"about":[{"href":"https:\/\/lahora.mx\/index.php\/wp-json\/wp\/v2\/types\/post"}],"author":[{"embeddable":true,"href":"https:\/\/lahora.mx\/index.php\/wp-json\/wp\/v2\/users\/4"}],"replies":[{"embeddable":true,"href":"https:\/\/lahora.mx\/index.php\/wp-json\/wp\/v2\/comments?post=44093"}],"version-history":[{"count":1,"href":"https:\/\/lahora.mx\/index.php\/wp-json\/wp\/v2\/posts\/44093\/revisions"}],"predecessor-version":[{"id":44095,"href":"https:\/\/lahora.mx\/index.php\/wp-json\/wp\/v2\/posts\/44093\/revisions\/44095"}],"wp:featuredmedia":[{"embeddable":true,"href":"https:\/\/lahora.mx\/index.php\/wp-json\/wp\/v2\/media\/44094"}],"wp:attachment":[{"href":"https:\/\/lahora.mx\/index.php\/wp-json\/wp\/v2\/media?parent=44093"}],"wp:term":[{"taxonomy":"category","embeddable":true,"href":"https:\/\/lahora.mx\/index.php\/wp-json\/wp\/v2\/categories?post=44093"},{"taxonomy":"post_tag","embeddable":true,"href":"https:\/\/lahora.mx\/index.php\/wp-json\/wp\/v2\/tags?post=44093"}],"curies":[{"name":"wp","href":"https:\/\/api.w.org\/{rel}","templated":true}]}}