{"id":44087,"date":"2024-03-25T03:46:08","date_gmt":"2024-03-25T03:46:08","guid":{"rendered":"http:\/\/lahora.mx\/?p=44087"},"modified":"2024-04-03T03:52:20","modified_gmt":"2024-04-03T03:52:20","slug":"promoveran-la-profesionalizacion-de-la-atencion-ciudadana-en-el-congreso-del-estado","status":"publish","type":"post","link":"https:\/\/lahora.mx\/index.php\/2024\/03\/25\/promoveran-la-profesionalizacion-de-la-atencion-ciudadana-en-el-congreso-del-estado\/","title":{"rendered":"Promover\u00e1n la profesionalizaci\u00f3n de la atenci\u00f3n ciudadana en el Congreso del Estado"},"content":{"rendered":"\n<p>La Comisi\u00f3n de Trabajo, Competitividad y Previsi\u00f3n Social de la LXI Legislatura aprob\u00f3 el env\u00edo de diferentes oficios a las Unidades de Atenci\u00f3n Ciudadana y de Igualdad de G\u00e9nero del Congreso del Estado, con el objetivo de que estas \u00e1reas realicen las gestiones necesarias para que el personal a su cargo obtenga certificaciones en las competencias laborales que les corresponden.<\/p>\n\n\n\n<p>Esto, se desprende de un punto de acuerdo presentado para que el Congreso del Estado obtenga las certificaciones est\u00e1ndar de competencia EC 0105 \u00abAtenci\u00f3n al Ciudadano en el Sector P\u00fablico\u00bb, as\u00ed como EC 0943 \u00abPromoci\u00f3n de la Igualdad y no Discriminaci\u00f3n\u00bb, ello con la finalidad de que el personal que integra \u00e1reas como como la Unidad de Atenci\u00f3n Ciudadana, cuente con mayores capacidades para el servicio que se brinda hacia las y los ciudadanos cuando requieran tr\u00e1mites.<\/p>\n\n\n\n<p>En las consideraciones del acuerdo se se\u00f1ala que la atenci\u00f3n ciudadana en el \u00e1mbito p\u00fablico se entiende como un medio en el que se pretende mejorar tr\u00e1mites y servicios con el fin de generar confianza y credibilidad ciudadana respecto del poder p\u00fablico, por lo que es indispensable contar con una actualizaci\u00f3n y certificaci\u00f3n al respecto para que, quienes se encargan de la atenci\u00f3n ciudadana, tengan los conocimientos, habilidades, destrezas y actitudes para realizar una actividad laboral con un alto nivel de desempe\u00f1o.<\/p>\n","protected":false},"excerpt":{"rendered":"<p>La Comisi\u00f3n de Trabajo, Competitividad y Previsi\u00f3n Social de la LXI Legislatura aprob\u00f3 el env\u00edo de diferentes oficios a las Unidades de Atenci\u00f3n Ciudadana y de Igualdad de G\u00e9nero del Congreso del Estado, con el objetivo de que estas \u00e1reas realicen las gestiones necesarias para que el personal a su cargo obtenga certificaciones en las [&hellip;]<\/p>\n","protected":false},"author":4,"featured_media":44088,"comment_status":"open","ping_status":"open","sticky":false,"template":"","format":"standard","meta":{"om_disable_all_campaigns":false,"_monsterinsights_skip_tracking":false,"_monsterinsights_sitenote_active":false,"_monsterinsights_sitenote_note":"","_monsterinsights_sitenote_category":0,"footnotes":""},"categories":[175],"tags":[227,223],"class_list":["post-44087","post","type-post","status-publish","format-standard","has-post-thumbnail","hentry","category-local","tag-congreso","tag-puebla"],"amp_enabled":true,"_links":{"self":[{"href":"https:\/\/lahora.mx\/index.php\/wp-json\/wp\/v2\/posts\/44087","targetHints":{"allow":["GET"]}}],"collection":[{"href":"https:\/\/lahora.mx\/index.php\/wp-json\/wp\/v2\/posts"}],"about":[{"href":"https:\/\/lahora.mx\/index.php\/wp-json\/wp\/v2\/types\/post"}],"author":[{"embeddable":true,"href":"https:\/\/lahora.mx\/index.php\/wp-json\/wp\/v2\/users\/4"}],"replies":[{"embeddable":true,"href":"https:\/\/lahora.mx\/index.php\/wp-json\/wp\/v2\/comments?post=44087"}],"version-history":[{"count":1,"href":"https:\/\/lahora.mx\/index.php\/wp-json\/wp\/v2\/posts\/44087\/revisions"}],"predecessor-version":[{"id":44089,"href":"https:\/\/lahora.mx\/index.php\/wp-json\/wp\/v2\/posts\/44087\/revisions\/44089"}],"wp:featuredmedia":[{"embeddable":true,"href":"https:\/\/lahora.mx\/index.php\/wp-json\/wp\/v2\/media\/44088"}],"wp:attachment":[{"href":"https:\/\/lahora.mx\/index.php\/wp-json\/wp\/v2\/media?parent=44087"}],"wp:term":[{"taxonomy":"category","embeddable":true,"href":"https:\/\/lahora.mx\/index.php\/wp-json\/wp\/v2\/categories?post=44087"},{"taxonomy":"post_tag","embeddable":true,"href":"https:\/\/lahora.mx\/index.php\/wp-json\/wp\/v2\/tags?post=44087"}],"curies":[{"name":"wp","href":"https:\/\/api.w.org\/{rel}","templated":true}]}}