{"id":44076,"date":"2024-03-21T03:01:50","date_gmt":"2024-03-21T03:01:50","guid":{"rendered":"http:\/\/lahora.mx\/?p=44076"},"modified":"2024-04-03T03:04:06","modified_gmt":"2024-04-03T03:04:06","slug":"presentan-en-el-congreso-iniciativa-para-fortalecer-el-desarrollo-de-las-zonas-economicas-especiales-del-estado","status":"publish","type":"post","link":"https:\/\/lahora.mx\/index.php\/2024\/03\/21\/presentan-en-el-congreso-iniciativa-para-fortalecer-el-desarrollo-de-las-zonas-economicas-especiales-del-estado\/","title":{"rendered":"Presentan en el Congreso iniciativa para fortalecer el desarrollo de las Zonas Econ\u00f3micas Especiales del Estado"},"content":{"rendered":"\n<p>En sesi\u00f3n de la Comisi\u00f3n Permanente del Congreso del Estado se present\u00f3 una iniciativa para reformar la Ley de Coordinaci\u00f3n para el Establecimiento y Desarrollo de las Zonas Econ\u00f3micas Especiales del Estado, con la finalidad de fortalecer el marco jur\u00eddico de \u00e9stas, incorporando objetivos espec\u00edficos enfocados en potenciar los beneficios econ\u00f3micos y sociales.<\/p>\n\n\n\n<p>As\u00ed como generar mayor inversi\u00f3n, empleos formales, crecimiento de la productividad e innovaci\u00f3n tecnol\u00f3gica; se enfatiza la necesidad de un desarrollo sostenible y el respeto a los derechos humanos de las comunidades locales.<\/p>\n\n\n\n<p>La propuesta de reforma al art\u00edculo 4 de la Ley en menci\u00f3n indica que las Zonas Econ\u00f3micas Especiales deber\u00e1n fomentar la generaci\u00f3n de empleos permanentes, el crecimiento de la productividad e inversiones productivas, as\u00ed como la constante inversi\u00f3n en la innovaci\u00f3n tecnol\u00f3gica, educaci\u00f3n tecnol\u00f3gica e infraestructura para el mejoramiento de la productividad de las empresas que se establezcan dentro de la zona.<\/p>\n\n\n\n<p>Las Zonas Econ\u00f3micas Especiales son \u00e1reas delimitadas geogr\u00e1ficamente que estimulan la inversi\u00f3n y la actividad econ\u00f3mica por medio de un paquete de incentivos, beneficios fiscales y financieros, as\u00ed como facilidades administrativas de infraestructura competitiva, a favor de quienes se establezcan f\u00edsicamente dentro del \u00e1rea de influencia.<\/p>\n\n\n\n<p>La iniciativa fue turnada a la Comisi\u00f3n de Trabajo, Competitividad y Previsi\u00f3n Social, para su estudio y resoluci\u00f3n correspondiente.<\/p>\n\n\n\n<p>Por otra parte, se present\u00f3 una iniciativa para reformar y adicionar el art\u00edculo 10 de la Ley para la Prevenci\u00f3n y Gesti\u00f3n Integral de los Residuos S\u00f3lidos Urbanos y de Manejo Especial para el Estado de Puebla, con el objetivo de establecer que corresponde a los Ayuntamientos el capacitar y proveer el equipo de protecci\u00f3n personal necesario a los servidores p\u00fablicos que intervienen en la prestaci\u00f3n del servicio p\u00fablico de limpia, barrido, recolecci\u00f3n, traslado, tratamiento y disposici\u00f3n final de residuos.<\/p>\n\n\n\n<p>As\u00ed como contar con el personal suficiente para prestar este servicio, de acuerdo con el \u00e1rea geogr\u00e1fica y maquinaria necesaria.<br><br><\/p>\n\n\n\n<p>La iniciativa fue turnada a la Comisi\u00f3n de Medio Ambiente, Recursos Naturales y Cambio Clim\u00e1tico para su estudio y resoluci\u00f3n correspondiente.<\/p>\n\n\n\n<p>De igual manera se present\u00f3 una iniciativa para reformar la Ley de Educaci\u00f3n con la finalidad de fomentar y difundir las actividades art\u00edsticas, culturales y f\u00edsico deportivas en todas sus manifestaciones, incluido el deporte adaptado para personas con discapacidad; as\u00ed como promover el deporte escolar, la cultura y las pr\u00e1cticas deportivas en todos los niveles de educaci\u00f3n, incrementando las horas efectivas en educaci\u00f3n f\u00edsica a 180 minutos por semana dentro de las actividades programadas en las escuelas.<\/p>\n\n\n\n<p>Para este objetivo, se propone reformar los art\u00edculos 63, 69 y 117 de la Ley de Educaci\u00f3n del Estado de Puebla.<\/p>\n\n\n\n<p>La iniciativa fue enviada a la Comisi\u00f3n de Educaci\u00f3n, para su an\u00e1lisis y resoluci\u00f3n procedente.<\/p>\n\n\n\n<p>Finalmente, la Comisi\u00f3n Permanente dio cuenta de la iniciativa para reformar la Ley para el Acceso de las Mujeres a una Vida Libre de Violencia del Estado de Puebla, con el objetivo de considerar que la violencia sexual, que es uno de los tipos de violencia contra las mujeres, es una expresi\u00f3n de abuso de poder que se puede dar en el espacio p\u00fablico o privado, que implica la supremac\u00eda masculina sobre la mujer, al denigrarla y concebirla como objeto.<\/p>\n\n\n\n<p>Entendiendo como espacio p\u00fablico: las \u00e1reas, espacios abiertos o predios de los asentamientos humanos destinados al uso, disfrute o aprovechamiento colectivo, de acceso generalizado y libre tr\u00e1nsito.<\/p>\n\n\n\n<p>Para este fin se propone reformar la fracci\u00f3n VI del art\u00edculo 10 y adicionar la fracci\u00f3n XXXV al art\u00edculo 6 de la Ley para el Acceso de las Mujeres a una Vida Libre de Violencia del Estado de Puebla.<\/p>\n\n\n\n<p>La iniciativa fue turnada a la Comisi\u00f3n de Igualdad de G\u00e9nero, para su estudio y resoluci\u00f3n procedente.<\/p>\n","protected":false},"excerpt":{"rendered":"<p>En sesi\u00f3n de la Comisi\u00f3n Permanente del Congreso del Estado se present\u00f3 una iniciativa para reformar la Ley de Coordinaci\u00f3n para el Establecimiento y Desarrollo de las Zonas Econ\u00f3micas Especiales del Estado, con la finalidad de fortalecer el marco jur\u00eddico de \u00e9stas, incorporando objetivos espec\u00edficos enfocados en potenciar los beneficios econ\u00f3micos y sociales. As\u00ed como [&hellip;]<\/p>\n","protected":false},"author":4,"featured_media":44077,"comment_status":"open","ping_status":"open","sticky":false,"template":"","format":"standard","meta":{"om_disable_all_campaigns":false,"_monsterinsights_skip_tracking":false,"_monsterinsights_sitenote_active":false,"_monsterinsights_sitenote_note":"","_monsterinsights_sitenote_category":0,"footnotes":""},"categories":[175],"tags":[227,223],"class_list":["post-44076","post","type-post","status-publish","format-standard","has-post-thumbnail","hentry","category-local","tag-congreso","tag-puebla"],"amp_enabled":true,"_links":{"self":[{"href":"https:\/\/lahora.mx\/index.php\/wp-json\/wp\/v2\/posts\/44076","targetHints":{"allow":["GET"]}}],"collection":[{"href":"https:\/\/lahora.mx\/index.php\/wp-json\/wp\/v2\/posts"}],"about":[{"href":"https:\/\/lahora.mx\/index.php\/wp-json\/wp\/v2\/types\/post"}],"author":[{"embeddable":true,"href":"https:\/\/lahora.mx\/index.php\/wp-json\/wp\/v2\/users\/4"}],"replies":[{"embeddable":true,"href":"https:\/\/lahora.mx\/index.php\/wp-json\/wp\/v2\/comments?post=44076"}],"version-history":[{"count":1,"href":"https:\/\/lahora.mx\/index.php\/wp-json\/wp\/v2\/posts\/44076\/revisions"}],"predecessor-version":[{"id":44078,"href":"https:\/\/lahora.mx\/index.php\/wp-json\/wp\/v2\/posts\/44076\/revisions\/44078"}],"wp:featuredmedia":[{"embeddable":true,"href":"https:\/\/lahora.mx\/index.php\/wp-json\/wp\/v2\/media\/44077"}],"wp:attachment":[{"href":"https:\/\/lahora.mx\/index.php\/wp-json\/wp\/v2\/media?parent=44076"}],"wp:term":[{"taxonomy":"category","embeddable":true,"href":"https:\/\/lahora.mx\/index.php\/wp-json\/wp\/v2\/categories?post=44076"},{"taxonomy":"post_tag","embeddable":true,"href":"https:\/\/lahora.mx\/index.php\/wp-json\/wp\/v2\/tags?post=44076"}],"curies":[{"name":"wp","href":"https:\/\/api.w.org\/{rel}","templated":true}]}}