{"id":44060,"date":"2024-03-19T02:32:29","date_gmt":"2024-03-19T02:32:29","guid":{"rendered":"http:\/\/lahora.mx\/?p=44060"},"modified":"2024-04-03T02:36:29","modified_gmt":"2024-04-03T02:36:29","slug":"proponen-en-el-congreso-sancionar-cambio-de-uso-de-suelo-en-terrenos-forestales-sin-autorizacion","status":"publish","type":"post","link":"https:\/\/lahora.mx\/index.php\/2024\/03\/19\/proponen-en-el-congreso-sancionar-cambio-de-uso-de-suelo-en-terrenos-forestales-sin-autorizacion\/","title":{"rendered":"Proponen en el Congreso sancionar cambio de uso de suelo en terrenos forestales sin autorizaci\u00f3n"},"content":{"rendered":"\n<p>Con el objetivo de proteger los recursos forestales del Estado, en sesi\u00f3n de la Comisi\u00f3n Permanente de la LXI Legislatura se present\u00f3 una iniciativa para adicionar la fracci\u00f3n II Bis al art\u00edculo 198 del C\u00f3digo Penal del Estado Libre y Soberano de Puebla, a fin de sancionar a quien cambie el uso de suelo en terrenos forestales, sin la autorizaci\u00f3n expedida por la o las autoridades competentes.<\/p>\n\n\n\n<p>La iniciativa indica que se aplicar\u00e1 prisi\u00f3n de dos a diez a\u00f1os, y multa de 30 a 5 mil veces el valor diario de la Unidad de Medida y Actualizaci\u00f3n, a quien ocasione un da\u00f1o ambiental o desequilibrio ecol\u00f3gico, y en contravenci\u00f3n a las disposiciones legales en materia de protecci\u00f3n al ambiente y de preservaci\u00f3n y restauraci\u00f3n del equilibrio ecol\u00f3gico; realice, autorice, permita u ordene el cambio de uso de suelo en terrenos forestales, sin la autorizaci\u00f3n correspondiente.<\/p>\n\n\n\n<p>En los considerandos de la iniciativa se precisa que cuando se quiere construir dentro de zonas forestales del pa\u00eds y eso implica una remoci\u00f3n total o parcial de la vegetaci\u00f3n forestal para actividades no forestales, se debe solicitar el cambio de uso de suelo ante la Secretar\u00eda de Medio Ambiente y Recursos Naturales (SEMARNAT).<\/p>\n\n\n\n<p>La iniciativa fue turnada a la Comisi\u00f3n de Procuraci\u00f3n y Administraci\u00f3n de Justicia para su estudio y resoluci\u00f3n procedente.<\/p>\n\n\n\n<p>Durante la sesi\u00f3n de la Comisi\u00f3n Permanente se dio cuenta de una iniciativa para reformar los p\u00e1rrafos pen\u00faltimo y \u00faltimo del art\u00edculo 284 Bis y adicionar el art\u00edculo 284 Ter 1 al C\u00f3digo Penal del Estado Libre y Soberano de Puebla, para establecer que la pena del delito de violencia familiar podr\u00e1 incrementarse hasta en un tercio, cuando quien lo cometa, lo haga a trav\u00e9s de interp\u00f3sita persona.<\/p>\n\n\n\n<p>Establece que, los casos de violencia familiar, violencia familiar equiparada y violencia a trav\u00e9s de interp\u00f3sita persona, la Autoridad Judicial y el Ministerio P\u00fablico exhortar\u00e1 a la persona imputada para que se abstenga de cualquier conducta que pudiere resultar ofensiva para la v\u00edctima, acordar\u00e1 las medidas preventivas y solicitar\u00e1 las medidas precautorias, que considere pertinentes para salvaguardar la integridad f\u00edsica o ps\u00edquica de la misma y, solicitar\u00e1 las \u00f3rdenes de protecci\u00f3n que establece la Ley para el Acceso de las Mujeres a una Vida Libre de Violencia del Estado de Puebla.<\/p>\n\n\n\n<p>Adem\u00e1s, que la autoridad administrativa vigilar\u00e1 el cumplimiento de estas medidas, en t\u00e9rminos de lo dispuesto por la legislaci\u00f3n aplicable.<\/p>\n\n\n\n<p>La iniciativa fue turnada a la Comisi\u00f3n de Procuraci\u00f3n y Administraci\u00f3n de Justicia para su an\u00e1lisis y resoluci\u00f3n procedente.<\/p>\n\n\n\n<p>Por otra parte, se dio cuenta de la iniciativa para reformar la fracci\u00f3n VI del art\u00edculo 10 y las fracciones I a III del art\u00edculo 18 y adicionar la fracci\u00f3n XI Bis al art\u00edculo 6, el art\u00edculo 17 Ter, la fracci\u00f3n IV al art\u00edculo 18 y la fracci\u00f3n I Bis al art\u00edculo 38 de la Ley para el Acceso de las Mujeres a una Vida Libre de Violencia del Estado de Puebla.<\/p>\n\n\n\n<p>Tiene la finalidad de definir al espacio p\u00fablico como las \u00e1reas, espacios abiertos o predios de los asentamientos humanos destinados al uso, disfrute o aprovechamiento colectivo, de acceso generalizado y libre tr\u00e1nsito; as\u00ed como prever que la violencia sexual se puede dar en el espacio p\u00fablico o privado.<\/p>\n\n\n\n<p>De igual forma, establecer que el acoso sexual en espacios p\u00fablicos es una forma de violencia, que conlleva un abuso de poder respecto de la v\u00edctima, sin que medie relaci\u00f3n alguna con la persona agresora. Se manifiesta, a trav\u00e9s de una conducta f\u00edsica o verbal de connotaci\u00f3n sexual no consentida ejercida sobre una o varias personas, en espacios y medios de transporte p\u00fablico, cuya acci\u00f3n representa una vulneraci\u00f3n a los derechos humanos.<\/p>\n\n\n\n<p>Adem\u00e1s, que al Estado le corresponde el dise\u00f1o de pol\u00edticas p\u00fablicas dirigidas al desarrollo de espacios y transporte p\u00fablico libres de todo tipo de violencia contra las mujeres, adolescentes y ni\u00f1as.<\/p>\n\n\n\n<p>La iniciativa fue turnada a la Comisi\u00f3n de Igualdad de G\u00e9nero para su estudio y resoluci\u00f3n procedente.<\/p>\n\n\n\n<p>Finalmente, se dio cuenta de una iniciativa para reformar el primer p\u00e1rrafo y adicionar un tercer p\u00e1rrafo al art\u00edculo 24 de la Ley para el Acceso de las Mujeres a una Vida Libre de Violencia del Estado de Puebla.<\/p>\n\n\n\n<p>Lo anterior, para establecer que las \u00f3rdenes de protecci\u00f3n son actos de urgente aplicaci\u00f3n y cumplimiento en funci\u00f3n del inter\u00e9s de la v\u00edctima, de car\u00e1cter precautorias y cautelares, deber\u00e1n otorgarse de oficio o a petici\u00f3n de parte, por las autoridades administrativas, el Ministerio P\u00fablico o por los \u00f3rganos jurisdiccionales competentes.<br>En el momento en que tengan conocimiento del hecho de violencia presuntamente constitutivo de un delito o infracci\u00f3n, que ponga en riesgo la integridad, la libertad o la vida de las mujeres o ni\u00f1as, evitando en todo momento que la persona agresora, directamente o a trav\u00e9s de alg\u00fan tercero, tenga contacto de cualquier tipo o medio con la v\u00edctima.<\/p>\n\n\n\n<p>La iniciativa tambi\u00e9n indica que, en contra de las medidas y \u00f3rdenes de protecci\u00f3n no se admite defensa o recurso alguno.<\/p>\n\n\n\n<p>Esta iniciativa fue turnada a la Comisi\u00f3n de Igualdad de G\u00e9nero para su estudio y resoluci\u00f3n procedente.<\/p>\n","protected":false},"excerpt":{"rendered":"<p>Con el objetivo de proteger los recursos forestales del Estado, en sesi\u00f3n de la Comisi\u00f3n Permanente de la LXI Legislatura se present\u00f3 una iniciativa para adicionar la fracci\u00f3n II Bis al art\u00edculo 198 del C\u00f3digo Penal del Estado Libre y Soberano de Puebla, a fin de sancionar a quien cambie el uso de suelo en [&hellip;]<\/p>\n","protected":false},"author":4,"featured_media":44061,"comment_status":"open","ping_status":"open","sticky":false,"template":"","format":"standard","meta":{"om_disable_all_campaigns":false,"_monsterinsights_skip_tracking":false,"_monsterinsights_sitenote_active":false,"_monsterinsights_sitenote_note":"","_monsterinsights_sitenote_category":0,"footnotes":""},"categories":[175],"tags":[227,223],"class_list":["post-44060","post","type-post","status-publish","format-standard","has-post-thumbnail","hentry","category-local","tag-congreso","tag-puebla"],"amp_enabled":true,"_links":{"self":[{"href":"https:\/\/lahora.mx\/index.php\/wp-json\/wp\/v2\/posts\/44060","targetHints":{"allow":["GET"]}}],"collection":[{"href":"https:\/\/lahora.mx\/index.php\/wp-json\/wp\/v2\/posts"}],"about":[{"href":"https:\/\/lahora.mx\/index.php\/wp-json\/wp\/v2\/types\/post"}],"author":[{"embeddable":true,"href":"https:\/\/lahora.mx\/index.php\/wp-json\/wp\/v2\/users\/4"}],"replies":[{"embeddable":true,"href":"https:\/\/lahora.mx\/index.php\/wp-json\/wp\/v2\/comments?post=44060"}],"version-history":[{"count":1,"href":"https:\/\/lahora.mx\/index.php\/wp-json\/wp\/v2\/posts\/44060\/revisions"}],"predecessor-version":[{"id":44064,"href":"https:\/\/lahora.mx\/index.php\/wp-json\/wp\/v2\/posts\/44060\/revisions\/44064"}],"wp:featuredmedia":[{"embeddable":true,"href":"https:\/\/lahora.mx\/index.php\/wp-json\/wp\/v2\/media\/44061"}],"wp:attachment":[{"href":"https:\/\/lahora.mx\/index.php\/wp-json\/wp\/v2\/media?parent=44060"}],"wp:term":[{"taxonomy":"category","embeddable":true,"href":"https:\/\/lahora.mx\/index.php\/wp-json\/wp\/v2\/categories?post=44060"},{"taxonomy":"post_tag","embeddable":true,"href":"https:\/\/lahora.mx\/index.php\/wp-json\/wp\/v2\/tags?post=44060"}],"curies":[{"name":"wp","href":"https:\/\/api.w.org\/{rel}","templated":true}]}}