{"id":44024,"date":"2024-03-07T00:49:04","date_gmt":"2024-03-07T00:49:04","guid":{"rendered":"http:\/\/lahora.mx\/?p=44024"},"modified":"2024-04-03T00:52:46","modified_gmt":"2024-04-03T00:52:46","slug":"presentan-en-el-congreso-iniciativa-para-reducir-la-brecha-social-y-de-genero-en-el-ambito-deportivo","status":"publish","type":"post","link":"https:\/\/lahora.mx\/index.php\/2024\/03\/07\/presentan-en-el-congreso-iniciativa-para-reducir-la-brecha-social-y-de-genero-en-el-ambito-deportivo\/","title":{"rendered":"Presentan en el Congreso iniciativa para reducir la brecha social y de g\u00e9nero en el \u00e1mbito deportivo"},"content":{"rendered":"\n<p>En sesi\u00f3n p\u00fablica del Congreso del Estado se present\u00f3 una iniciativa para adicionar el art\u00edculo 5 Bis de la Ley Estatal del Deporte, con el objetivo de reducir la brecha social y de g\u00e9nero que se presenta en el \u00e1mbito de la actividad f\u00edsica y deportiva, a trav\u00e9s del aumento de instalaciones deportivas, zonas de ocio activo y lugares aptos para la actividad f\u00edsica, especialmente en los lugares con m\u00e1s necesidades.<\/p>\n\n\n\n<p>La iniciativa plantea la importancia de planificar los espacios escolares para la actividad f\u00edsica y el deporte, adaptados a las necesidades de la poblaci\u00f3n infantil y adolescente, garantizando que estos sean seguros y accesibles para este sector de la poblaci\u00f3n.<\/p>\n\n\n\n<p>As\u00ed como impulsar y garantizar horarios de apertura ampliados de las parcelas deportivas en los centros educativos, de forma coordinada entre las administraciones p\u00fablicas, con el fin de contar con un acceso asequible a las actividades extraescolares o en periodos no lectivos relacionados con la actividad f\u00edsica, el deporte o la promoci\u00f3n de h\u00e1bitos de vida saludable.<br>La iniciativa fue turnada a la Comisi\u00f3n de Juventud y Deporte, para su an\u00e1lisis y resoluci\u00f3n procedente.<\/p>\n\n\n\n<p>Asimismo, se present\u00f3 una iniciativa para adicionar la fracci\u00f3n IX Bis al art\u00edculo 30 de la Ley de Desarrollo Rural Sustentable del Estado de Puebla, con la finalidad de fomentar la agricultura regenerativa, como una alternativa sostenible para el desarrollo rural en el Estado.<\/p>\n\n\n\n<p>Ya que este tipo de agricultura promueve la diversificaci\u00f3n de cultivos y sistemas agr\u00edcolas, lo que ayuda a los productores a ser m\u00e1s resilientes ante eventos clim\u00e1ticos extremos, como sequ\u00edas e inundaciones. Adem\u00e1s, al mantener suelos sanos y biodiversos, los sistemas agr\u00edcolas regenerativos pueden adaptarse mejor a condiciones cambiantes y reducir su dependencia de insumos externos.<\/p>\n\n\n\n<p>La iniciativa fue turnada a la Comisi\u00f3n de Desarrollo Rural, para su estudio y resoluci\u00f3n correspondiente.<\/p>\n\n\n\n<p>Durante la sesi\u00f3n, tambi\u00e9n se present\u00f3 una iniciativa para reformar la Ley de Educaci\u00f3n y la Ley Estatal del Deporte, con el objetivo de fomentar y difundir las actividades art\u00edsticas, culturales y f\u00edsico deportivas en todas sus manifestaciones, incluido el deporte adaptado para personas con discapacidad, as\u00ed como la inclusi\u00f3n del taekwondo como una materia optativa de educaci\u00f3n f\u00edsica para todos los niveles educativos.<\/p>\n\n\n\n<p>La iniciativa pretende reformar los art\u00edculos 63, 69 y 117 de la Ley de Educaci\u00f3n del Estado de Puebla; y los art\u00edculos 6, 14 y 18 de la Ley Estatal del Deporte.<\/p>\n\n\n\n<p>Para su an\u00e1lisis y dictaminaci\u00f3n procedente, la iniciativa fue turnada a las Comisiones Unidas de Educaci\u00f3n y de Juventud y Deporte.<\/p>\n\n\n\n<p>Tambi\u00e9n se present\u00f3 una iniciativa para reformar la Ley Estatal de Salud con el objetivo de garantizar no s\u00f3lo la atenci\u00f3n, sino tambi\u00e9n la detecci\u00f3n del trastorno del espectro autista, as\u00ed como la protecci\u00f3n de la salud, con la finalidad de garantizar sus derechos humanos y concientizar a la gente sobre dicha afecci\u00f3n.<\/p>\n\n\n\n<p>La iniciativa, que pretende reformar el tercer p\u00e1rrafo del art\u00edculo 66, el tercer p\u00e1rrafo de la fracci\u00f3n II del art\u00edculo 67, el primer p\u00e1rrafo del art\u00edculo 69 y la fracci\u00f3n V del art\u00edculo 162 de la Ley Estatal de Salud, fue turnada a la Comisi\u00f3n de Salud para su estudio y resoluci\u00f3n correspondiente.<\/p>\n\n\n\n<p>Finalmente, la Mesa Directiva dio cuenta de una iniciativa para reformar diversas disposiciones de la Ley Estatal de Salud con el fin de actualizar el t\u00e9rmino de la Secretar\u00eda de Salud en el ordenamiento legal.<\/p>\n\n\n\n<p>La iniciativa fue turnada a la Comisi\u00f3n de Salud para su estudio y resoluci\u00f3n correspondiente.<\/p>\n\n\n\n<p>En asuntos generales, se present\u00f3 una iniciativa para reformar y adicionar diversas disposiciones del C\u00f3digo de Instituciones y Procesos Electorales del Estado de Puebla, con la finalidad de establecer que en la aplicaci\u00f3n de las normas electorales se tomar\u00e1n en cuenta, de acuerdo a la Constituci\u00f3n Federal, los usos, costumbres y formas espec\u00edficas de organizaci\u00f3n social de los pueblos ind\u00edgenas del estado, siempre y cuando no se transgredan los principios de legalidad, imparcialidad, objetividad, certeza, independencia y m\u00e1xima publicidad, que son rectores en el ejercicio de la funci\u00f3n estatal de organizar las elecciones.<\/p>\n\n\n\n<p>Tambi\u00e9n se establece que los pueblos y comunidades ind\u00edgenas tienen derecho a elegir en los municipios con poblaci\u00f3n ind\u00edgena, representantes ante los Ayuntamientos, con el prop\u00f3sito de fortalecer su participaci\u00f3n y representaci\u00f3n pol\u00edtica de conformidad con sus tradiciones y normas internas, respetando las garant\u00edas individuales, los derechos humanos y, de manera relevante, la dignidad e integridad de las mujeres, garantizando el principio de paridad de g\u00e9nero.<\/p>\n\n\n\n<p>La iniciativa fue turnada a la Comisi\u00f3n de Gobernaci\u00f3n y Puntos Constitucionales, para su an\u00e1lisis y resoluci\u00f3n procedente.<\/p>\n","protected":false},"excerpt":{"rendered":"<p>En sesi\u00f3n p\u00fablica del Congreso del Estado se present\u00f3 una iniciativa para adicionar el art\u00edculo 5 Bis de la Ley Estatal del Deporte, con el objetivo de reducir la brecha social y de g\u00e9nero que se presenta en el \u00e1mbito de la actividad f\u00edsica y deportiva, a trav\u00e9s del aumento de instalaciones deportivas, zonas de [&hellip;]<\/p>\n","protected":false},"author":4,"featured_media":44025,"comment_status":"open","ping_status":"open","sticky":false,"template":"","format":"standard","meta":{"om_disable_all_campaigns":false,"_monsterinsights_skip_tracking":false,"_monsterinsights_sitenote_active":false,"_monsterinsights_sitenote_note":"","_monsterinsights_sitenote_category":0,"footnotes":""},"categories":[175],"tags":[227,223],"class_list":["post-44024","post","type-post","status-publish","format-standard","has-post-thumbnail","hentry","category-local","tag-congreso","tag-puebla"],"amp_enabled":true,"_links":{"self":[{"href":"https:\/\/lahora.mx\/index.php\/wp-json\/wp\/v2\/posts\/44024","targetHints":{"allow":["GET"]}}],"collection":[{"href":"https:\/\/lahora.mx\/index.php\/wp-json\/wp\/v2\/posts"}],"about":[{"href":"https:\/\/lahora.mx\/index.php\/wp-json\/wp\/v2\/types\/post"}],"author":[{"embeddable":true,"href":"https:\/\/lahora.mx\/index.php\/wp-json\/wp\/v2\/users\/4"}],"replies":[{"embeddable":true,"href":"https:\/\/lahora.mx\/index.php\/wp-json\/wp\/v2\/comments?post=44024"}],"version-history":[{"count":1,"href":"https:\/\/lahora.mx\/index.php\/wp-json\/wp\/v2\/posts\/44024\/revisions"}],"predecessor-version":[{"id":44026,"href":"https:\/\/lahora.mx\/index.php\/wp-json\/wp\/v2\/posts\/44024\/revisions\/44026"}],"wp:featuredmedia":[{"embeddable":true,"href":"https:\/\/lahora.mx\/index.php\/wp-json\/wp\/v2\/media\/44025"}],"wp:attachment":[{"href":"https:\/\/lahora.mx\/index.php\/wp-json\/wp\/v2\/media?parent=44024"}],"wp:term":[{"taxonomy":"category","embeddable":true,"href":"https:\/\/lahora.mx\/index.php\/wp-json\/wp\/v2\/categories?post=44024"},{"taxonomy":"post_tag","embeddable":true,"href":"https:\/\/lahora.mx\/index.php\/wp-json\/wp\/v2\/tags?post=44024"}],"curies":[{"name":"wp","href":"https:\/\/api.w.org\/{rel}","templated":true}]}}