{"id":44018,"date":"2024-03-06T00:36:02","date_gmt":"2024-03-06T00:36:02","guid":{"rendered":"http:\/\/lahora.mx\/?p=44018"},"modified":"2024-04-03T00:39:12","modified_gmt":"2024-04-03T00:39:12","slug":"comision-del-congreso-recibe-oficio-donde-se-comunica-el-retiro-voluntario-de-magistradas-y-magistrados","status":"publish","type":"post","link":"https:\/\/lahora.mx\/index.php\/2024\/03\/06\/comision-del-congreso-recibe-oficio-donde-se-comunica-el-retiro-voluntario-de-magistradas-y-magistrados\/","title":{"rendered":"Comisi\u00f3n del Congreso recibe oficio donde se comunica el retiro voluntario de magistradas y magistrados"},"content":{"rendered":"\n<p>La Comisi\u00f3n de Gobernaci\u00f3n y Puntos Constitucionales de la LXI Legislatura otorg\u00f3 la atenci\u00f3n al oficio del Consejo de la Judicatura y dio acuse de recibo<\/p>\n\n\n\n<p>La Comisi\u00f3n de Gobernaci\u00f3n y Puntos Constitucionales del Congreso del Estado dio atenci\u00f3n al oficio suscrito por el magistrado presidente del Consejo de la Judicatura del Poder Judicial del Estado, Jos\u00e9 Eduardo Hern\u00e1ndez S\u00e1nchez por el que comunica los retiros voluntarios de dos magistradas y tres magistrados propietarios del Tribunal Superior de Justicia.<\/p>\n\n\n\n<p>El oficio recibido por el Congreso del Estado y turnado a la Comisi\u00f3n de Gobernaci\u00f3n y Puntos Constitucionales comunica los retiros voluntarios del cargo de magistradas y magistrados propietarios del Tribunal Superior de Justicia e informa sobre las vacantes respectivas, a efecto de iniciar el procedimiento correspondiente en t\u00e9rminos de la Constituci\u00f3n Pol\u00edtica del Estado de Puebla.<\/p>\n\n\n\n<p>Al respecto y con fundamento en la Ley Org\u00e1nica del Poder Legislativo y el Reglamento Interior del Congreso del Estado de Puebla, y por acuerdo del \u00f3rgano colegiado, se otorg\u00f3 la atenci\u00f3n correspondiente al oficio de referencia y se acus\u00f3 recibo del mismo.<\/p>\n","protected":false},"excerpt":{"rendered":"<p>La Comisi\u00f3n de Gobernaci\u00f3n y Puntos Constitucionales de la LXI Legislatura otorg\u00f3 la atenci\u00f3n al oficio del Consejo de la Judicatura y dio acuse de recibo La Comisi\u00f3n de Gobernaci\u00f3n y Puntos Constitucionales del Congreso del Estado dio atenci\u00f3n al oficio suscrito por el magistrado presidente del Consejo de la Judicatura del Poder Judicial del [&hellip;]<\/p>\n","protected":false},"author":4,"featured_media":44019,"comment_status":"open","ping_status":"open","sticky":false,"template":"","format":"standard","meta":{"om_disable_all_campaigns":false,"_monsterinsights_skip_tracking":false,"_monsterinsights_sitenote_active":false,"_monsterinsights_sitenote_note":"","_monsterinsights_sitenote_category":0,"footnotes":""},"categories":[175],"tags":[227,223],"class_list":["post-44018","post","type-post","status-publish","format-standard","has-post-thumbnail","hentry","category-local","tag-congreso","tag-puebla"],"amp_enabled":true,"_links":{"self":[{"href":"https:\/\/lahora.mx\/index.php\/wp-json\/wp\/v2\/posts\/44018","targetHints":{"allow":["GET"]}}],"collection":[{"href":"https:\/\/lahora.mx\/index.php\/wp-json\/wp\/v2\/posts"}],"about":[{"href":"https:\/\/lahora.mx\/index.php\/wp-json\/wp\/v2\/types\/post"}],"author":[{"embeddable":true,"href":"https:\/\/lahora.mx\/index.php\/wp-json\/wp\/v2\/users\/4"}],"replies":[{"embeddable":true,"href":"https:\/\/lahora.mx\/index.php\/wp-json\/wp\/v2\/comments?post=44018"}],"version-history":[{"count":1,"href":"https:\/\/lahora.mx\/index.php\/wp-json\/wp\/v2\/posts\/44018\/revisions"}],"predecessor-version":[{"id":44020,"href":"https:\/\/lahora.mx\/index.php\/wp-json\/wp\/v2\/posts\/44018\/revisions\/44020"}],"wp:featuredmedia":[{"embeddable":true,"href":"https:\/\/lahora.mx\/index.php\/wp-json\/wp\/v2\/media\/44019"}],"wp:attachment":[{"href":"https:\/\/lahora.mx\/index.php\/wp-json\/wp\/v2\/media?parent=44018"}],"wp:term":[{"taxonomy":"category","embeddable":true,"href":"https:\/\/lahora.mx\/index.php\/wp-json\/wp\/v2\/categories?post=44018"},{"taxonomy":"post_tag","embeddable":true,"href":"https:\/\/lahora.mx\/index.php\/wp-json\/wp\/v2\/tags?post=44018"}],"curies":[{"name":"wp","href":"https:\/\/api.w.org\/{rel}","templated":true}]}}