{"id":44003,"date":"2024-04-02T23:52:36","date_gmt":"2024-04-02T23:52:36","guid":{"rendered":"http:\/\/lahora.mx\/?p=44003"},"modified":"2024-04-02T23:52:36","modified_gmt":"2024-04-02T23:52:36","slug":"denuncia-pan-a-javier-aquino-por-reunion-electoral","status":"publish","type":"post","link":"https:\/\/lahora.mx\/index.php\/2024\/04\/02\/denuncia-pan-a-javier-aquino-por-reunion-electoral\/","title":{"rendered":"Denuncia PAN a Javier Aquino por reuni\u00f3n electoral"},"content":{"rendered":"\n<p>El dirigente del Partido Acci\u00f3n Nacional (PAN) en el municipio de Puebla, Jes\u00fas Zald\u00edvar Benavides, revel\u00f3 un audio que evidencia un supuesto encuentro encabezado por el secretario de Gobernaci\u00f3n, Javier Aquino Lim\u00f3n, con mil 600 servidores p\u00fablicos para respaldar al candidato al gobierno de Puebla, Alejandro Armenta Mier, por lo que pidi\u00f3 su destituci\u00f3n y advirti\u00f3 que presentar\u00e1n denuncias.<\/p>\n\n\n\n<p>En torno a la pol\u00e9mica, el representante de Morena ante el Instituto Electoral del Estado (IEE), Alfonso Berm\u00fadez Ruiz, reconoci\u00f3 este encuentro con bur\u00f3cratas y explic\u00f3 que este evento ocurri\u00f3 el 16 de marzo, en s\u00e1bado y d\u00eda inh\u00e1bil. \u201cLa gente tiene derecho a participar en reuniones, organizarse de manera libre y ejercer sus derechos pol\u00edtico electorales\u201d, sostuvo.<\/p>\n\n\n\n<p>Seg\u00fan el audio, el titular de Segob indic\u00f3 que tienen una estructura de 46 mil personas para apoyar al proyecto de Morena y llam\u00f3 a las y los asistentes a respaldar al candidato morenista para \u201cdarle continuidad a la Cuarta Transformaci\u00f3n\u201d y respaldar a todo los candidatos, en espec\u00edfico en la zona conurbada.<br><\/p>\n\n\n\n<p>Tras lo exhibido apunt\u00f3 que presentaron dos denuncias en contra del titular de la Segob y otros funcionarios estatales, esto ante el Instituto Electoral del Estado de Puebla (IEE) y la Fiscal\u00eda Especializada contra Delitos Electorales. Adem\u00e1s de la destituci\u00f3n de Javier Aquino.<\/p>\n\n\n\n<p>Ataque a titular de Gobernaci\u00f3n es por desventaja de Rivera frente a Armenta<br>Berm\u00fadez Ruiz agreg\u00f3 que la acusaci\u00f3n forma parte de la estrategia que ha emprendido el frente opositor conformado entre el PAN-PRI-PRD-PSI, al ver que su candidato para la gubernatura, Eduardo Rivera P\u00e9rez, est\u00e1 en una evidente desventaja ante Alejandro Armenta Mier, abanderado de Morena-PT-PVEM-Nueva Alianza y Fuerza por M\u00e9xico.<br><\/p>\n\n\n\n<p>\u201cEsta es una campa\u00f1a que ha venido emprendiendo en los \u00faltimos d\u00edas la oposici\u00f3n, al ver que simple y sencillamente los n\u00fameros no les dan ni les dar\u00e1n\u201d, dijo.<\/p>\n\n\n\n<p>Sin embargo, Alfonso Berm\u00fadez coment\u00f3 que Morena no presiona a nadie para accionar a favor de un candidato, como s\u00ed ocurr\u00eda con administraciones del PAN.<br><\/p>\n\n\n\n<p>Consider\u00f3 que el albiazul acus\u00f3 al secretario porque est\u00e1n desesperados, y aprovech\u00f3 para expresar que busca judicializar la elecci\u00f3n del 2024, con el fin de que los tribunales resuelvan la candidatura para la gubernatura.<\/p>\n\n\n\n<p>Al hablar, la presidenta de Morena en Puebla, Olga Romero Garci &#8211; Crespo, se\u00f1al\u00f3 que, ante la falta de propuestas, la oposici\u00f3n recurre al tradicional golpeteo contra el equipo ganador, con el fin de llamar la atenci\u00f3n: \u201cSus discursos no est\u00e1n llenos de propuestas, ni compromisos, est\u00e1n conformados por golpes hacia un gobierno que saben que va a acabar con lo poco que ellos ya tienen\u201d, coment\u00f3.<\/p>\n\n\n\n<p>La presidenta del instituto pol\u00edtico aprovech\u00f3 para criticar el arranque de campa\u00f1a de Eduardo Rivera, porque opin\u00f3 que as\u00ed son sus gobiernos, desde un escritorio, sin trabajar en terreno.<\/p>\n\n\n\n<p>La declaraci\u00f3n fue en alusi\u00f3n al primer video que lanz\u00f3 a trav\u00e9s de redes sociales el abanderado panista para la gubernatura. Por el contrario, Armenta Mier encabez\u00f3 su primer mitin a la media noche, junto con el candidato Jos\u00e9 Chedraui Budib.<\/p>\n\n\n\n<p>Con informaci\u00f3n de Victoria Ventura y Jared Carca\u00f1o<\/p>\n","protected":false},"excerpt":{"rendered":"<p>El dirigente del Partido Acci\u00f3n Nacional (PAN) en el municipio de Puebla, Jes\u00fas Zald\u00edvar Benavides, revel\u00f3 un audio que evidencia un supuesto encuentro encabezado por el secretario de Gobernaci\u00f3n, Javier Aquino Lim\u00f3n, con mil 600 servidores p\u00fablicos para respaldar al candidato al gobierno de Puebla, Alejandro Armenta Mier, por lo que pidi\u00f3 su destituci\u00f3n y [&hellip;]<\/p>\n","protected":false},"author":4,"featured_media":44004,"comment_status":"open","ping_status":"open","sticky":false,"template":"","format":"standard","meta":{"om_disable_all_campaigns":false,"_monsterinsights_skip_tracking":false,"_monsterinsights_sitenote_active":false,"_monsterinsights_sitenote_note":"","_monsterinsights_sitenote_category":0,"footnotes":""},"categories":[176],"tags":[],"class_list":["post-44003","post","type-post","status-publish","format-standard","has-post-thumbnail","hentry","category-nacional"],"amp_enabled":true,"_links":{"self":[{"href":"https:\/\/lahora.mx\/index.php\/wp-json\/wp\/v2\/posts\/44003","targetHints":{"allow":["GET"]}}],"collection":[{"href":"https:\/\/lahora.mx\/index.php\/wp-json\/wp\/v2\/posts"}],"about":[{"href":"https:\/\/lahora.mx\/index.php\/wp-json\/wp\/v2\/types\/post"}],"author":[{"embeddable":true,"href":"https:\/\/lahora.mx\/index.php\/wp-json\/wp\/v2\/users\/4"}],"replies":[{"embeddable":true,"href":"https:\/\/lahora.mx\/index.php\/wp-json\/wp\/v2\/comments?post=44003"}],"version-history":[{"count":1,"href":"https:\/\/lahora.mx\/index.php\/wp-json\/wp\/v2\/posts\/44003\/revisions"}],"predecessor-version":[{"id":44005,"href":"https:\/\/lahora.mx\/index.php\/wp-json\/wp\/v2\/posts\/44003\/revisions\/44005"}],"wp:featuredmedia":[{"embeddable":true,"href":"https:\/\/lahora.mx\/index.php\/wp-json\/wp\/v2\/media\/44004"}],"wp:attachment":[{"href":"https:\/\/lahora.mx\/index.php\/wp-json\/wp\/v2\/media?parent=44003"}],"wp:term":[{"taxonomy":"category","embeddable":true,"href":"https:\/\/lahora.mx\/index.php\/wp-json\/wp\/v2\/categories?post=44003"},{"taxonomy":"post_tag","embeddable":true,"href":"https:\/\/lahora.mx\/index.php\/wp-json\/wp\/v2\/tags?post=44003"}],"curies":[{"name":"wp","href":"https:\/\/api.w.org\/{rel}","templated":true}]}}