{"id":44000,"date":"2024-04-02T23:46:24","date_gmt":"2024-04-02T23:46:24","guid":{"rendered":"http:\/\/lahora.mx\/?p=44000"},"modified":"2024-04-02T23:46:24","modified_gmt":"2024-04-02T23:46:24","slug":"mario-riestra-presenta-a-su-equipo-de-campana","status":"publish","type":"post","link":"https:\/\/lahora.mx\/index.php\/2024\/04\/02\/mario-riestra-presenta-a-su-equipo-de-campana\/","title":{"rendered":"Mario Riestra presenta a su equipo de campa\u00f1a"},"content":{"rendered":"\n<p>El candidato a la presidencia municipal de Puebla por la alianza \u201cMejor Rumbo para Puebla\u201d, Mario Riestra Pi\u00f1a, present\u00f3 al equipo que lo acompa\u00f1ar\u00e1 durante el periodo de campa\u00f1as; entre los integrantes destacan panistas fundadores, actuales funcionarios p\u00fablicos y perfiles emanados de otros partidos pol\u00edticos.<\/p>\n\n\n\n<p>Este martes, el abanderado de la coalici\u00f3n PAN, PRI, PRD y PSI, asegur\u00f3 que est\u00e1 rodeado de personas capaces y profesionales que fortalecer\u00e1n su proyecto pol\u00edtico rumbo a las elecciones del 2 de junio.<\/p>\n\n\n\n<p>\u201cEn este proyecto hay mucha inclusi\u00f3n, porque a nosotros no nos incomoda la diversidad de opiniones, consideramos que la pluralidad enriquece (\u2026) Nosotros presentamos a nuestra planilla bien y a la primera, no realizamos ninguna sustituci\u00f3n, mientras que en el otro equipo se tardaron cuatro semanas en darla a conocer\u201d, expres\u00f3.<\/p>\n\n\n\n<p>Riestra Pi\u00f1a design\u00f3 al exregidor del municipio de Puebla, Carlos Montiel, como coordinador general de campa\u00f1a; as\u00ed como a las diputadas locales con licencia M\u00f3nica Rodr\u00edguez, Guadalupe Leal; la diputada federal priista Blanca Alcal\u00e1; los panistas Francisco Fraile, Jaime Alc\u00e1ntara, Roc\u00edo Nava, Blanca Jim\u00e9nez.<\/p>\n\n\n\n<p>Leer m\u00e1s: Presenta oposici\u00f3n 80 denuncias en contra de candidatos morenistas<br>Ademas del exmorenista, Iv\u00e1n Galindo; el expri\u00edsta Pablo Fern\u00e1ndez; Sergio Moreno Valle, primo del exgobernador Rafael Moreno Valle; el empresario Luis Acosta; V\u00edctor Jord\u00e1n; Adela Cerezo y V\u00edctor Le\u00f3n, como su equipo pol\u00edtico.<\/p>\n\n\n\n<p>Mientras que los perfiles que forman parte del equipo en materia de vinculaci\u00f3n con j\u00f3venes, arte y cultura, medio ambiente, entre otros nombr\u00f3 al ex consejero del IEE, Federico Gonz\u00e1lez Maga\u00f1a; la escritora Beatriz Meyer; la activista, Estefan\u00eda Meraz; el socio de la empresa Parkim\u00f3vil que actualmente opera el programa de parqu\u00edmetros en la capital, Herberto Rodr\u00edguez Regordosa; as\u00ed como los ciudadanos Elisa \u00c1valos, Josefina Buxade, Norma Campos, Rosy Carmona, Martha Corona Espinosa, Joan Borbolla, Norma Encinas, Ezna Hern\u00e1ndez y Miguel Victoria.<\/p>\n\n\n\n<p>El legislador federal con licencia tambi\u00e9n form\u00f3 un equipo operativo, integrado por Miguel Abad, quien buscaba la candidatura del PAN en Tehuac\u00e1n; la periodista Itandehui Rodr\u00edguez; as\u00ed como Sagrario Conde, quien se desempe\u00f1a como coordinadora del \u00e1rea de Comunicaci\u00f3n Social.<\/p>\n\n\n\n<p>As\u00ed como los ciudadanos Ernesto G\u00f3mez, Marian Mu\u00f1oz, Luis Franco, Luis Artas\u00e1nchez, Eduardo Yanez, Sonia Duarte, Carlos Arquiz, Omar Lezama, Beatriz Fuente, Javier de Ita, Denisse Machorro, Marco Porras, Laura D\u00edaz, Dulce Herrera y Guadalupe Montiel.<\/p>\n\n\n\n<p>Mario Riestra solicita seguridad ante ola de violencia<br>En otro orden de ideas, Riestra Pi\u00f1a solicit\u00f3 seguridad a las autoridades correspondientes, ante la ola de violencia que se ha registro a nivel nacional en el proceso electoral.<\/p>\n\n\n\n<p>De igual manera, advirti\u00f3 que se avecina una proceso electoral \u201cagitado\u201d y \u201ccomplicado\u201d, por lo que llam\u00f3 a las autoridades correspondientes a generar una estrategia de seguridad para tener una elecci\u00f3n sin violencia.<\/p>\n\n\n\n<p>\u201cDesde la semana pasada ya solicit\u00e9 por escrito seguridad para mi persona en virtud de la informaci\u00f3n con la que contamos\u201d, coment\u00f3.<\/p>\n\n\n\n<p>Riestra Pi\u00f1a sostuvo que tiene informaci\u00f3n de grupos de choque auspiciosos por Morena que operar\u00e1n en la capital poblana el pr\u00f3ximo 2 de junio.<\/p>\n\n\n\n<p>\u201cTengo informaci\u00f3n de que presuntos grupos de choque auspiciados por los operadores de Morena est\u00e1n organiz\u00e1ndose para la jornada electoral\u201d, dijo.<\/p>\n\n\n\n<p>Soy el \u00fanico con experiencia, dice Riestra ante insistencia de debate<br>Sobre la solicitud de al menos dos debates que present\u00f3 ante el IEE, el candidato del bloque opositor dijo que es necesario el contraste de ideas entre los aspirantes a dicho cargo.<\/p>\n\n\n\n<p>Adem\u00e1s, asegur\u00f3 que es el \u00fanico que tienen experiencia municipal con un equipo congruente y con experiencia.<\/p>\n\n\n\n<p>\u201cAqu\u00ed no hay improvisados, conozco mejor que ning\u00fan otro candidato la ciudad de Puebla y me va a encantar exhibir propuestas porque son incongruentes e inviables, as\u00ed que vemos con ansias la realizaci\u00f3n de estos debates\u201d, puntualiz\u00f3.<\/p>\n","protected":false},"excerpt":{"rendered":"<p>El candidato a la presidencia municipal de Puebla por la alianza \u201cMejor Rumbo para Puebla\u201d, Mario Riestra Pi\u00f1a, present\u00f3 al equipo que lo acompa\u00f1ar\u00e1 durante el periodo de campa\u00f1as; entre los integrantes destacan panistas fundadores, actuales funcionarios p\u00fablicos y perfiles emanados de otros partidos pol\u00edticos. Este martes, el abanderado de la coalici\u00f3n PAN, PRI, PRD [&hellip;]<\/p>\n","protected":false},"author":4,"featured_media":44001,"comment_status":"open","ping_status":"open","sticky":false,"template":"","format":"standard","meta":{"om_disable_all_campaigns":false,"_monsterinsights_skip_tracking":false,"_monsterinsights_sitenote_active":false,"_monsterinsights_sitenote_note":"","_monsterinsights_sitenote_category":0,"footnotes":""},"categories":[175],"tags":[223],"class_list":["post-44000","post","type-post","status-publish","format-standard","has-post-thumbnail","hentry","category-local","tag-puebla"],"amp_enabled":true,"_links":{"self":[{"href":"https:\/\/lahora.mx\/index.php\/wp-json\/wp\/v2\/posts\/44000","targetHints":{"allow":["GET"]}}],"collection":[{"href":"https:\/\/lahora.mx\/index.php\/wp-json\/wp\/v2\/posts"}],"about":[{"href":"https:\/\/lahora.mx\/index.php\/wp-json\/wp\/v2\/types\/post"}],"author":[{"embeddable":true,"href":"https:\/\/lahora.mx\/index.php\/wp-json\/wp\/v2\/users\/4"}],"replies":[{"embeddable":true,"href":"https:\/\/lahora.mx\/index.php\/wp-json\/wp\/v2\/comments?post=44000"}],"version-history":[{"count":1,"href":"https:\/\/lahora.mx\/index.php\/wp-json\/wp\/v2\/posts\/44000\/revisions"}],"predecessor-version":[{"id":44002,"href":"https:\/\/lahora.mx\/index.php\/wp-json\/wp\/v2\/posts\/44000\/revisions\/44002"}],"wp:featuredmedia":[{"embeddable":true,"href":"https:\/\/lahora.mx\/index.php\/wp-json\/wp\/v2\/media\/44001"}],"wp:attachment":[{"href":"https:\/\/lahora.mx\/index.php\/wp-json\/wp\/v2\/media?parent=44000"}],"wp:term":[{"taxonomy":"category","embeddable":true,"href":"https:\/\/lahora.mx\/index.php\/wp-json\/wp\/v2\/categories?post=44000"},{"taxonomy":"post_tag","embeddable":true,"href":"https:\/\/lahora.mx\/index.php\/wp-json\/wp\/v2\/tags?post=44000"}],"curies":[{"name":"wp","href":"https:\/\/api.w.org\/{rel}","templated":true}]}}