{"id":43997,"date":"2024-04-02T23:42:28","date_gmt":"2024-04-02T23:42:28","guid":{"rendered":"http:\/\/lahora.mx\/?p=43997"},"modified":"2024-04-02T23:42:29","modified_gmt":"2024-04-02T23:42:29","slug":"adan-dominguez-denuncia-penalmente-a-tono-lopez-por-el-show-de-los-tinacos-azules","status":"publish","type":"post","link":"https:\/\/lahora.mx\/index.php\/2024\/04\/02\/adan-dominguez-denuncia-penalmente-a-tono-lopez-por-el-show-de-los-tinacos-azules\/","title":{"rendered":"Ad\u00e1n Dom\u00ednguez denuncia penalmente a To\u00f1o L\u00f3pez por el show de los tinacos azules"},"content":{"rendered":"\n<p>El Ayuntamiento de Puebla, a cargo de Ad\u00e1n Dom\u00ednguez S\u00e1nchez, present\u00f3 una denuncia penal en contra del candidato del Partido del Trabajo (PT) a diputado federal, Antonio L\u00f3pez Ru\u00edz, por supuestamente obstaculizar la entrega de apoyos sociales, cuando evidenci\u00f3 a funcionarios municipales dando tinacos azules.<br>En un comunicado, la administraci\u00f3n municipal indic\u00f3 que dicha denuncia fue presentada ante la Fiscal\u00eda Especializada en Investigaci\u00f3n de Delitos Electorales del Estado de Puebla.<\/p>\n\n\n\n<p>Esto bajo el argumento de que el abanderado del PT obstaculiz\u00f3 la entrega de beneficios de los programas sociales \u201cMejorando tu espacio\u201d y \u201cMejoramiento Participativo de los Comit\u00e9s de Participaci\u00f3n Ciudadana\u201d a cargo de las secretar\u00edas de Participaci\u00f3n Ciudadana y Bienestar municipal.<\/p>\n\n\n\n<p>Asimismo, se\u00f1alaron que estas denuncias en contra de Antonio L\u00f3pez tambi\u00e9n fueron por supuestamente agredir a los beneficiarios de los programas, a quienes tambi\u00e9n, aseguraron, vulner\u00f3 sus datos personales.<\/p>\n\n\n\n<p>Adem\u00e1s, se le acus\u00f3 de presuntamente difamar al Ayuntamiento de Puebla al acusarlo de utilizar un programa social con fines electorales.<\/p>\n\n\n\n<p>Se detall\u00f3 que la denuncia qued\u00f3 asentada en la carpeta de investigaci\u00f3n FGEP\/EAT\/ELECTORALES-I\/000064\/2024, a la cual tambi\u00e9n se integraron videos en los que supuestamente Antonio L\u00f3pez increpa a beneficiarios del programa.<\/p>\n\n\n\n<p>\u201cEl Ayuntamiento de Puebla informa que se present\u00f3 una denuncia ante la Fiscal\u00eda Especializada en Investigaci\u00f3n de Delitos Electorales del Estado de Puebla, en contra de Jos\u00e9 Antonio L\u00f3pez Ruiz, por obstaculizar la entrega del programa, arremeter en contra de los beneficiarios, vulnerar sus datos personales y difamar al Ayuntamiento de Puebla por un supuesto uso electoral de un programa. La denuncia qued\u00f3 asentada en la carpeta de investigaci\u00f3n FGEP\/EAT\/ELECTORALES-I\/000064\/2024 y se aportaron videos en los que se observa al candidato a diputado federal increpando a los beneficiarios\u201d.<\/p>\n\n\n\n<p>Asimismo, el Ayuntamiento neg\u00f3 que utilizar\u00e1 este programa y los recursos p\u00fablicos con fines partidistas, pues aseguraron que act\u00faan apegados a derecho en materia electoral.<\/p>\n","protected":false},"excerpt":{"rendered":"<p>El Ayuntamiento de Puebla, a cargo de Ad\u00e1n Dom\u00ednguez S\u00e1nchez, present\u00f3 una denuncia penal en contra del candidato del Partido del Trabajo (PT) a diputado federal, Antonio L\u00f3pez Ru\u00edz, por supuestamente obstaculizar la entrega de apoyos sociales, cuando evidenci\u00f3 a funcionarios municipales dando tinacos azules.En un comunicado, la administraci\u00f3n municipal indic\u00f3 que dicha denuncia fue [&hellip;]<\/p>\n","protected":false},"author":4,"featured_media":43998,"comment_status":"open","ping_status":"open","sticky":false,"template":"","format":"standard","meta":{"om_disable_all_campaigns":false,"_monsterinsights_skip_tracking":false,"_monsterinsights_sitenote_active":false,"_monsterinsights_sitenote_note":"","_monsterinsights_sitenote_category":0,"footnotes":""},"categories":[175,226],"tags":[195,223],"class_list":["post-43997","post","type-post","status-publish","format-standard","has-post-thumbnail","hentry","category-local","category-policia","tag-principal","tag-puebla"],"amp_enabled":true,"_links":{"self":[{"href":"https:\/\/lahora.mx\/index.php\/wp-json\/wp\/v2\/posts\/43997","targetHints":{"allow":["GET"]}}],"collection":[{"href":"https:\/\/lahora.mx\/index.php\/wp-json\/wp\/v2\/posts"}],"about":[{"href":"https:\/\/lahora.mx\/index.php\/wp-json\/wp\/v2\/types\/post"}],"author":[{"embeddable":true,"href":"https:\/\/lahora.mx\/index.php\/wp-json\/wp\/v2\/users\/4"}],"replies":[{"embeddable":true,"href":"https:\/\/lahora.mx\/index.php\/wp-json\/wp\/v2\/comments?post=43997"}],"version-history":[{"count":1,"href":"https:\/\/lahora.mx\/index.php\/wp-json\/wp\/v2\/posts\/43997\/revisions"}],"predecessor-version":[{"id":43999,"href":"https:\/\/lahora.mx\/index.php\/wp-json\/wp\/v2\/posts\/43997\/revisions\/43999"}],"wp:featuredmedia":[{"embeddable":true,"href":"https:\/\/lahora.mx\/index.php\/wp-json\/wp\/v2\/media\/43998"}],"wp:attachment":[{"href":"https:\/\/lahora.mx\/index.php\/wp-json\/wp\/v2\/media?parent=43997"}],"wp:term":[{"taxonomy":"category","embeddable":true,"href":"https:\/\/lahora.mx\/index.php\/wp-json\/wp\/v2\/categories?post=43997"},{"taxonomy":"post_tag","embeddable":true,"href":"https:\/\/lahora.mx\/index.php\/wp-json\/wp\/v2\/tags?post=43997"}],"curies":[{"name":"wp","href":"https:\/\/api.w.org\/{rel}","templated":true}]}}