{"id":43994,"date":"2024-04-02T23:28:51","date_gmt":"2024-04-02T23:28:51","guid":{"rendered":"http:\/\/lahora.mx\/?p=43994"},"modified":"2024-04-02T23:28:52","modified_gmt":"2024-04-02T23:28:52","slug":"se-incrementa-violencia-un-200-por-ciento-contra-candidatos-en-febrero-y-marzo","status":"publish","type":"post","link":"https:\/\/lahora.mx\/index.php\/2024\/04\/02\/se-incrementa-violencia-un-200-por-ciento-contra-candidatos-en-febrero-y-marzo\/","title":{"rendered":"Se incrementa violencia un 200 por ciento contra candidatos en febrero y marzo"},"content":{"rendered":"\n<p>Seg\u00fan Laboratorio Electoral la violencia en contra de candidatos, precandidatos, aspirantes y funcionarios p\u00fablicos ha crecido en 200% con respecto al primer reporte (9 de febrero), ya se rebasaron las cifras de violencia de todo 2018 (24 asesinatos de precandidatos y candidatos), y faltan cuatro asesinatos m\u00e1s para rebasar los de 2021 (30 asesinatos de precandidatos y candidatos), seg\u00fan el segundo reporte con corte del 29 de marzo.<\/p>\n\n\n\n<p>Arturo Espinosa Silis, director de Laboratorio Electoral lo inform\u00f3 as\u00ed en un video mensaje al presentar el reporte, y mencion\u00f3 que se han registrado 50 asesinatos, de los cuales, 26 son de personas que aspiraban a una precandidatura o a una candidatura y en el primer trimestre del a\u00f1o, \u201cadvertimos una ola de violencia que ha impactado fuertemente en las elecciones la cual coincide con la conclusi\u00f3n de las precampa\u00f1as y la etapa de registro de candidaturas tanto a nivel federal como local\u201d.<\/p>\n\n\n\n<p>El reporte menciona que, en total son 156 incidentes, en los que se han reportado tambi\u00e9n, 9 secuestros, 22 atentados y 75 amenazas.<\/p>\n\n\n\n<p>Las entidades con mayor violencia electoral son Michoac\u00e1n, Guerrero, Chiapas y Veracruz.<\/p>\n","protected":false},"excerpt":{"rendered":"<p>Seg\u00fan Laboratorio Electoral la violencia en contra de candidatos, precandidatos, aspirantes y funcionarios p\u00fablicos ha crecido en 200% con respecto al primer reporte (9 de febrero), ya se rebasaron las cifras de violencia de todo 2018 (24 asesinatos de precandidatos y candidatos), y faltan cuatro asesinatos m\u00e1s para rebasar los de 2021 (30 asesinatos de [&hellip;]<\/p>\n","protected":false},"author":4,"featured_media":43995,"comment_status":"open","ping_status":"open","sticky":false,"template":"","format":"standard","meta":{"om_disable_all_campaigns":false,"_monsterinsights_skip_tracking":false,"_monsterinsights_sitenote_active":false,"_monsterinsights_sitenote_note":"","_monsterinsights_sitenote_category":0,"footnotes":""},"categories":[175],"tags":[223],"class_list":["post-43994","post","type-post","status-publish","format-standard","has-post-thumbnail","hentry","category-local","tag-puebla"],"amp_enabled":true,"_links":{"self":[{"href":"https:\/\/lahora.mx\/index.php\/wp-json\/wp\/v2\/posts\/43994","targetHints":{"allow":["GET"]}}],"collection":[{"href":"https:\/\/lahora.mx\/index.php\/wp-json\/wp\/v2\/posts"}],"about":[{"href":"https:\/\/lahora.mx\/index.php\/wp-json\/wp\/v2\/types\/post"}],"author":[{"embeddable":true,"href":"https:\/\/lahora.mx\/index.php\/wp-json\/wp\/v2\/users\/4"}],"replies":[{"embeddable":true,"href":"https:\/\/lahora.mx\/index.php\/wp-json\/wp\/v2\/comments?post=43994"}],"version-history":[{"count":1,"href":"https:\/\/lahora.mx\/index.php\/wp-json\/wp\/v2\/posts\/43994\/revisions"}],"predecessor-version":[{"id":43996,"href":"https:\/\/lahora.mx\/index.php\/wp-json\/wp\/v2\/posts\/43994\/revisions\/43996"}],"wp:featuredmedia":[{"embeddable":true,"href":"https:\/\/lahora.mx\/index.php\/wp-json\/wp\/v2\/media\/43995"}],"wp:attachment":[{"href":"https:\/\/lahora.mx\/index.php\/wp-json\/wp\/v2\/media?parent=43994"}],"wp:term":[{"taxonomy":"category","embeddable":true,"href":"https:\/\/lahora.mx\/index.php\/wp-json\/wp\/v2\/categories?post=43994"},{"taxonomy":"post_tag","embeddable":true,"href":"https:\/\/lahora.mx\/index.php\/wp-json\/wp\/v2\/tags?post=43994"}],"curies":[{"name":"wp","href":"https:\/\/api.w.org\/{rel}","templated":true}]}}