{"id":43978,"date":"2024-04-02T15:55:30","date_gmt":"2024-04-02T15:55:30","guid":{"rendered":"http:\/\/lahora.mx\/?p=43978"},"modified":"2024-04-02T15:55:30","modified_gmt":"2024-04-02T15:55:30","slug":"un-herido-de-bala-tras-cierre-de-carnaval-en-comunidad-de-cuetzalan","status":"publish","type":"post","link":"https:\/\/lahora.mx\/index.php\/2024\/04\/02\/un-herido-de-bala-tras-cierre-de-carnaval-en-comunidad-de-cuetzalan\/","title":{"rendered":"Un herido de bala tras cierre de carnaval en comunidad de Cuetzalan"},"content":{"rendered":"\n<p>Durante el cierre de carnaval de la comunidad de Xiloxochico, en el municipio de Cuetzalan, fue atacado a balazos un hombre por otro sujeto, quien se dio a la fuga. La v\u00edctima tuvo que ser trasladada al hospital debido a las heridas.<\/p>\n\n\n\n<p>Los hechos ocurrieron durante la noche de este lunes 1 de abril en el centro de Xiloxochico, durante la feria y cierre del carnaval de la comunidad, cuando se escucharon detonaciones de arma de fuego por la zona de puestos de comida.<\/p>\n\n\n\n<p>Los asistentes, al escuchar los balazos comenzaron a correr, en tanto una persona pidi\u00f3 ayuda a los pobladores debido a que al lado de su negocio fue donde un sujeto le dispar\u00f3 a un joven tanto en la pierna como en el pecho.<\/p>\n\n\n\n<p>Los pobladores habr\u00edan alcanzado a identificar al responsable, quien se dio a la fuga a bordo de una camioneta; se\u00f1alaron que el var\u00f3n que atac\u00f3 a la v\u00edctima ser\u00eda hijo de un reconocido constructor del municipio de Cuetzalan.<\/p>\n\n\n\n<p>Posteriormente, al sitio arribaron elementos municipales quienes resguardaron el punto en donde el joven herido identificado como Carmelo de 27 a\u00f1os de edad, se encontraba inconsciente y tirado en el pavimento.<\/p>\n\n\n\n<p>Sin embargo, los asistentes al carnaval les reclamaron a los polic\u00edas por haber dejado escapar al responsable, pues no iniciaron una persecuci\u00f3n a pesar de que les proporcionaron las caracter\u00edsticas.<\/p>\n\n\n\n<p>El joven lesionado tuvo que esperar m\u00e1s de una hora para que llegara una ambulancia a estabilizarlo y trasladarlo a un hospital de la regi\u00f3n, en donde se indic\u00f3 que su pron\u00f3stico de salud es reservado.<\/p>\n\n\n\n<p>A\u00fan se desconoce el motivo de este ataque armado, aunque trascendi\u00f3 que deriv\u00f3 de una discusi\u00f3n entre los involucrados; sin embargo, ser\u00e1n las autoridades quienes investiguen los hechos.<\/p>\n","protected":false},"excerpt":{"rendered":"<p>Durante el cierre de carnaval de la comunidad de Xiloxochico, en el municipio de Cuetzalan, fue atacado a balazos un hombre por otro sujeto, quien se dio a la fuga. La v\u00edctima tuvo que ser trasladada al hospital debido a las heridas. Los hechos ocurrieron durante la noche de este lunes 1 de abril en [&hellip;]<\/p>\n","protected":false},"author":4,"featured_media":43979,"comment_status":"open","ping_status":"open","sticky":false,"template":"","format":"standard","meta":{"om_disable_all_campaigns":false,"_monsterinsights_skip_tracking":false,"_monsterinsights_sitenote_active":false,"_monsterinsights_sitenote_note":"","_monsterinsights_sitenote_category":0,"footnotes":""},"categories":[175,226],"tags":[223],"class_list":["post-43978","post","type-post","status-publish","format-standard","has-post-thumbnail","hentry","category-local","category-policia","tag-puebla"],"amp_enabled":true,"_links":{"self":[{"href":"https:\/\/lahora.mx\/index.php\/wp-json\/wp\/v2\/posts\/43978","targetHints":{"allow":["GET"]}}],"collection":[{"href":"https:\/\/lahora.mx\/index.php\/wp-json\/wp\/v2\/posts"}],"about":[{"href":"https:\/\/lahora.mx\/index.php\/wp-json\/wp\/v2\/types\/post"}],"author":[{"embeddable":true,"href":"https:\/\/lahora.mx\/index.php\/wp-json\/wp\/v2\/users\/4"}],"replies":[{"embeddable":true,"href":"https:\/\/lahora.mx\/index.php\/wp-json\/wp\/v2\/comments?post=43978"}],"version-history":[{"count":1,"href":"https:\/\/lahora.mx\/index.php\/wp-json\/wp\/v2\/posts\/43978\/revisions"}],"predecessor-version":[{"id":43980,"href":"https:\/\/lahora.mx\/index.php\/wp-json\/wp\/v2\/posts\/43978\/revisions\/43980"}],"wp:featuredmedia":[{"embeddable":true,"href":"https:\/\/lahora.mx\/index.php\/wp-json\/wp\/v2\/media\/43979"}],"wp:attachment":[{"href":"https:\/\/lahora.mx\/index.php\/wp-json\/wp\/v2\/media?parent=43978"}],"wp:term":[{"taxonomy":"category","embeddable":true,"href":"https:\/\/lahora.mx\/index.php\/wp-json\/wp\/v2\/categories?post=43978"},{"taxonomy":"post_tag","embeddable":true,"href":"https:\/\/lahora.mx\/index.php\/wp-json\/wp\/v2\/tags?post=43978"}],"curies":[{"name":"wp","href":"https:\/\/api.w.org\/{rel}","templated":true}]}}