{"id":43975,"date":"2024-04-02T14:25:53","date_gmt":"2024-04-02T14:25:53","guid":{"rendered":"http:\/\/lahora.mx\/?p=43975"},"modified":"2024-04-02T14:25:53","modified_gmt":"2024-04-02T14:25:53","slug":"calidad-del-aire-se-mantiene-en-regular-en-puebla-atlixco-y-tehuacan","status":"publish","type":"post","link":"https:\/\/lahora.mx\/index.php\/2024\/04\/02\/calidad-del-aire-se-mantiene-en-regular-en-puebla-atlixco-y-tehuacan\/","title":{"rendered":"Calidad del aire se mantiene en regular en Puebla, Atlixco y Tehuac\u00e1n"},"content":{"rendered":"\n<p>Al corte de las 6:00 horas de este martes 2 de abril, se report\u00f3 que la calidad del aire en la zona metropolitana de Puebla se mantuvo en regular, al igual que en los municipios de Atlixco y Tehuac\u00e1n.<\/p>\n\n\n\n<p>La Secretar\u00eda de Medio Ambiente, Desarrollo Sustentable y Ordenamiento Territorial (SMADSOT) tambi\u00e9n inform\u00f3 que, derivado del monitoreo que se realiza a trav\u00e9s de la Red Estatal de Monitoreo Atmosf\u00e9rico (REMA), se logr\u00f3 conocer que en San Mart\u00edn Texmelucan la calidad del aire mejor\u00f3.<\/p>\n\n\n\n<p>Luego de que se registraran cambios pronunciados en la calidad del aire de esta zona por la presencia de part\u00edculas PM 2.5 y PM 10, \u00e9sta se encontraba en mala, sin embargo, en las \u00faltimas horas regres\u00f3 a regular.<\/p>\n\n\n\n<p>Asimismo, el Centro Nacional de Prevenci\u00f3n de Desastres (Cenapred), dio a conocer que el volc\u00e1n Popocat\u00e9petl emiti\u00f3 51 exhalaciones y tuvo 48 minutos de tremor en las \u00faltimas 24 horas, por lo que el sem\u00e1foro de alerta volc\u00e1nica se mantiene en Amarillo Fase 2.<\/p>\n\n\n\n<p>Adem\u00e1s, con corte a las 5:30 de este martes, se inform\u00f3 que los municipios que registraron ca\u00edda de ceniza del volc\u00e1n Popocat\u00e9petl fueron Puebla capital, San Andr\u00e9s Cholula, San Pedro Cholula, Cuautlancingo y Amozoc.<\/p>\n\n\n\n<p>Por su parte, la Secretar\u00eda de Salud inform\u00f3 que no se registraron nuevos casos de pacientes atendidos tras presentar s\u00edntomas o molestias generadas por la ca\u00edda de ceniza, por lo que el n\u00famero de personas que recibieron atenci\u00f3n m\u00e9dica se mantiene en 131.<\/p>\n","protected":false},"excerpt":{"rendered":"<p>Al corte de las 6:00 horas de este martes 2 de abril, se report\u00f3 que la calidad del aire en la zona metropolitana de Puebla se mantuvo en regular, al igual que en los municipios de Atlixco y Tehuac\u00e1n. La Secretar\u00eda de Medio Ambiente, Desarrollo Sustentable y Ordenamiento Territorial (SMADSOT) tambi\u00e9n inform\u00f3 que, derivado del [&hellip;]<\/p>\n","protected":false},"author":4,"featured_media":43976,"comment_status":"open","ping_status":"open","sticky":false,"template":"","format":"standard","meta":{"om_disable_all_campaigns":false,"_monsterinsights_skip_tracking":false,"_monsterinsights_sitenote_active":false,"_monsterinsights_sitenote_note":"","_monsterinsights_sitenote_category":0,"footnotes":""},"categories":[175],"tags":[223],"class_list":["post-43975","post","type-post","status-publish","format-standard","has-post-thumbnail","hentry","category-local","tag-puebla"],"amp_enabled":true,"_links":{"self":[{"href":"https:\/\/lahora.mx\/index.php\/wp-json\/wp\/v2\/posts\/43975","targetHints":{"allow":["GET"]}}],"collection":[{"href":"https:\/\/lahora.mx\/index.php\/wp-json\/wp\/v2\/posts"}],"about":[{"href":"https:\/\/lahora.mx\/index.php\/wp-json\/wp\/v2\/types\/post"}],"author":[{"embeddable":true,"href":"https:\/\/lahora.mx\/index.php\/wp-json\/wp\/v2\/users\/4"}],"replies":[{"embeddable":true,"href":"https:\/\/lahora.mx\/index.php\/wp-json\/wp\/v2\/comments?post=43975"}],"version-history":[{"count":1,"href":"https:\/\/lahora.mx\/index.php\/wp-json\/wp\/v2\/posts\/43975\/revisions"}],"predecessor-version":[{"id":43977,"href":"https:\/\/lahora.mx\/index.php\/wp-json\/wp\/v2\/posts\/43975\/revisions\/43977"}],"wp:featuredmedia":[{"embeddable":true,"href":"https:\/\/lahora.mx\/index.php\/wp-json\/wp\/v2\/media\/43976"}],"wp:attachment":[{"href":"https:\/\/lahora.mx\/index.php\/wp-json\/wp\/v2\/media?parent=43975"}],"wp:term":[{"taxonomy":"category","embeddable":true,"href":"https:\/\/lahora.mx\/index.php\/wp-json\/wp\/v2\/categories?post=43975"},{"taxonomy":"post_tag","embeddable":true,"href":"https:\/\/lahora.mx\/index.php\/wp-json\/wp\/v2\/tags?post=43975"}],"curies":[{"name":"wp","href":"https:\/\/api.w.org\/{rel}","templated":true}]}}