{"id":43972,"date":"2024-04-02T14:23:17","date_gmt":"2024-04-02T14:23:17","guid":{"rendered":"http:\/\/lahora.mx\/?p=43972"},"modified":"2024-04-02T14:23:17","modified_gmt":"2024-04-02T14:23:17","slug":"por-rehabilitacion-agua-de-puebla-anuncia-desfase-de-servicio-en-13-colonias","status":"publish","type":"post","link":"https:\/\/lahora.mx\/index.php\/2024\/04\/02\/por-rehabilitacion-agua-de-puebla-anuncia-desfase-de-servicio-en-13-colonias\/","title":{"rendered":"Por rehabilitaci\u00f3n Agua de Puebla anuncia desfase de servicio en 13 colonias"},"content":{"rendered":"\n<p>Luego de que se diera a conocer una fuga de agua sobre la Avenida 11 Sur y la 113 B Poniente, Agua de Puebla para Todos dio a conocer que dar\u00e1 rehabilitaci\u00f3n a la l\u00ednea de distribuci\u00f3n Acacias, lo que provocar\u00e1 una reducci\u00f3n y desfase en el abasto de agua para 13 colonias.<\/p>\n\n\n\n<p>Los trabajos de reparaci\u00f3n comenzaron durante la noche del lunes 1 de abril y se espera que concluyan en el transcurso de la ma\u00f1ana de este martes 2, mismos que se realizar\u00e1n en la tuber\u00eda de 16 pulgadas que se encuentra a la altura del Perif\u00e9rico Ecol\u00f3gico con sentido de norte a sur.<\/p>\n\n\n\n<p>Agua de Puebla tambi\u00e9n inform\u00f3 que el llenado de l\u00edneas y la reanudaci\u00f3n del suministro normal de agua potable en estas colonias, se dar\u00e1 de acuerdo con su pr\u00f3ximo d\u00eda y horario de servicio.<\/p>\n\n\n\n<p>Estas son las colonias afectadas por las obras de rehabilitaci\u00f3n:<\/p>\n\n\n\n<p>Infonavit San Bartolo<\/p>\n\n\n\n<p>San Jos\u00e9 Mayorazgo<\/p>\n\n\n\n<p>San Francisco Mayorazgo<\/p>\n\n\n\n<p>Ex-Rancho Vaquer\u00edas<\/p>\n\n\n\n<p>Fracc. Cipreses de Mayorazgo<\/p>\n\n\n\n<p>Misi\u00f3n del Mayorazgo<\/p>\n\n\n\n<p>Bosques de la Laguna<\/p>\n\n\n\n<p>Geovillas La Vista<\/p>\n\n\n\n<p>Unidad Habitacional UEMAC<\/p>\n\n\n\n<p>Galaxia La Laguna<\/p>\n\n\n\n<p>Conjunto Habitacional Eclipse<\/p>\n\n\n\n<p>Rinc\u00f3n de los Cipreses<\/p>\n\n\n\n<p>San Jos\u00e9 Los Pinos<\/p>\n","protected":false},"excerpt":{"rendered":"<p>Luego de que se diera a conocer una fuga de agua sobre la Avenida 11 Sur y la 113 B Poniente, Agua de Puebla para Todos dio a conocer que dar\u00e1 rehabilitaci\u00f3n a la l\u00ednea de distribuci\u00f3n Acacias, lo que provocar\u00e1 una reducci\u00f3n y desfase en el abasto de agua para 13 colonias. Los trabajos [&hellip;]<\/p>\n","protected":false},"author":4,"featured_media":43973,"comment_status":"open","ping_status":"open","sticky":false,"template":"","format":"standard","meta":{"om_disable_all_campaigns":false,"_monsterinsights_skip_tracking":false,"_monsterinsights_sitenote_active":false,"_monsterinsights_sitenote_note":"","_monsterinsights_sitenote_category":0,"footnotes":""},"categories":[175],"tags":[195,223],"class_list":["post-43972","post","type-post","status-publish","format-standard","has-post-thumbnail","hentry","category-local","tag-principal","tag-puebla"],"amp_enabled":true,"_links":{"self":[{"href":"https:\/\/lahora.mx\/index.php\/wp-json\/wp\/v2\/posts\/43972","targetHints":{"allow":["GET"]}}],"collection":[{"href":"https:\/\/lahora.mx\/index.php\/wp-json\/wp\/v2\/posts"}],"about":[{"href":"https:\/\/lahora.mx\/index.php\/wp-json\/wp\/v2\/types\/post"}],"author":[{"embeddable":true,"href":"https:\/\/lahora.mx\/index.php\/wp-json\/wp\/v2\/users\/4"}],"replies":[{"embeddable":true,"href":"https:\/\/lahora.mx\/index.php\/wp-json\/wp\/v2\/comments?post=43972"}],"version-history":[{"count":1,"href":"https:\/\/lahora.mx\/index.php\/wp-json\/wp\/v2\/posts\/43972\/revisions"}],"predecessor-version":[{"id":43974,"href":"https:\/\/lahora.mx\/index.php\/wp-json\/wp\/v2\/posts\/43972\/revisions\/43974"}],"wp:featuredmedia":[{"embeddable":true,"href":"https:\/\/lahora.mx\/index.php\/wp-json\/wp\/v2\/media\/43973"}],"wp:attachment":[{"href":"https:\/\/lahora.mx\/index.php\/wp-json\/wp\/v2\/media?parent=43972"}],"wp:term":[{"taxonomy":"category","embeddable":true,"href":"https:\/\/lahora.mx\/index.php\/wp-json\/wp\/v2\/categories?post=43972"},{"taxonomy":"post_tag","embeddable":true,"href":"https:\/\/lahora.mx\/index.php\/wp-json\/wp\/v2\/tags?post=43972"}],"curies":[{"name":"wp","href":"https:\/\/api.w.org\/{rel}","templated":true}]}}