{"id":43966,"date":"2024-04-02T02:36:21","date_gmt":"2024-04-02T02:36:21","guid":{"rendered":"http:\/\/lahora.mx\/?p=43966"},"modified":"2024-04-02T02:36:22","modified_gmt":"2024-04-02T02:36:22","slug":"festival-de-la-gordita-2024-en-puebla","status":"publish","type":"post","link":"https:\/\/lahora.mx\/index.php\/2024\/04\/02\/festival-de-la-gordita-2024-en-puebla\/","title":{"rendered":"Festival de la Gordita 2024 en Puebla"},"content":{"rendered":"\n<p>Esta tarde se anunci\u00f3 la edici\u00f3n 14 del Festival Gastron\u00f3mico y Cultural de la Memela, el cual se realizar\u00e1 el mi\u00e9rcoles 3 de abril en la junta auxiliar de La Resurrecci\u00f3n, del municipio de Puebla. Si te gustar\u00eda acudir para comerte unas memelas, te contamos todos los detalles.<\/p>\n\n\n\n<p>Desde el atrio de la Parroquia de La Resurrecci\u00f3n del Se\u00f1or esta iglesia, coraz\u00f3n de la comunidad ind\u00edgena, los organizadores y mayordomos invitaron a todas las y los poblanos a este festival, en el que se espera una asistencia de m\u00e1s de 150 mil personas para disfrutar el emblem\u00e1tico platillo poblano que en apoyo a la econom\u00eda de las familias, ser\u00e1 gratuito en la compra de un refresco, con un costo de solo 20 pesos.<\/p>\n\n\n\n<p>Este mi\u00e9rcoles m\u00e1s de 60 maestras de la gastronom\u00eda preparar\u00e1n las deliciosas memelas, utilizando m\u00e1s de 8 toneladas de ma\u00edz, 5 mil litros de salsa roja, 5 mil litros de salsa verde, 2 toneladas de queso, 1 tonelada de cebolla, 2 toneladas de manteca, \u206056 tanques de gas, \u2060150 mil platos de unicel y \u20603 toneladas de frijol.<\/p>\n\n\n\n<p>Asimismo, se dar\u00e1n cita m\u00e1s de 20 n\u00fameros musicales y culturales nacionales e internacionales, para el disfrute de las y los asistentes.<\/p>\n\n\n\n<p><\/p>\n\n\n\n<p>La cita es este 3 de abril, a partir de las 8:00 a.m. y hasta las 8:00 p.m. en la Parroquia de La Resurrecci\u00f3n del Se\u00f1or, ubicada en la calle Jos\u00e9 Mar\u00eda Morelos, n\u00famero 20, en esta junta auxiliar.<\/p>\n","protected":false},"excerpt":{"rendered":"<p>Esta tarde se anunci\u00f3 la edici\u00f3n 14 del Festival Gastron\u00f3mico y Cultural de la Memela, el cual se realizar\u00e1 el mi\u00e9rcoles 3 de abril en la junta auxiliar de La Resurrecci\u00f3n, del municipio de Puebla. Si te gustar\u00eda acudir para comerte unas memelas, te contamos todos los detalles. Desde el atrio de la Parroquia de [&hellip;]<\/p>\n","protected":false},"author":4,"featured_media":43967,"comment_status":"open","ping_status":"open","sticky":false,"template":"","format":"standard","meta":{"om_disable_all_campaigns":false,"_monsterinsights_skip_tracking":false,"_monsterinsights_sitenote_active":false,"_monsterinsights_sitenote_note":"","_monsterinsights_sitenote_category":0,"footnotes":""},"categories":[183,175],"tags":[223],"class_list":["post-43966","post","type-post","status-publish","format-standard","has-post-thumbnail","hentry","category-internacional","category-local","tag-puebla"],"amp_enabled":true,"_links":{"self":[{"href":"https:\/\/lahora.mx\/index.php\/wp-json\/wp\/v2\/posts\/43966","targetHints":{"allow":["GET"]}}],"collection":[{"href":"https:\/\/lahora.mx\/index.php\/wp-json\/wp\/v2\/posts"}],"about":[{"href":"https:\/\/lahora.mx\/index.php\/wp-json\/wp\/v2\/types\/post"}],"author":[{"embeddable":true,"href":"https:\/\/lahora.mx\/index.php\/wp-json\/wp\/v2\/users\/4"}],"replies":[{"embeddable":true,"href":"https:\/\/lahora.mx\/index.php\/wp-json\/wp\/v2\/comments?post=43966"}],"version-history":[{"count":1,"href":"https:\/\/lahora.mx\/index.php\/wp-json\/wp\/v2\/posts\/43966\/revisions"}],"predecessor-version":[{"id":43968,"href":"https:\/\/lahora.mx\/index.php\/wp-json\/wp\/v2\/posts\/43966\/revisions\/43968"}],"wp:featuredmedia":[{"embeddable":true,"href":"https:\/\/lahora.mx\/index.php\/wp-json\/wp\/v2\/media\/43967"}],"wp:attachment":[{"href":"https:\/\/lahora.mx\/index.php\/wp-json\/wp\/v2\/media?parent=43966"}],"wp:term":[{"taxonomy":"category","embeddable":true,"href":"https:\/\/lahora.mx\/index.php\/wp-json\/wp\/v2\/categories?post=43966"},{"taxonomy":"post_tag","embeddable":true,"href":"https:\/\/lahora.mx\/index.php\/wp-json\/wp\/v2\/tags?post=43966"}],"curies":[{"name":"wp","href":"https:\/\/api.w.org\/{rel}","templated":true}]}}