{"id":43954,"date":"2024-04-01T16:28:31","date_gmt":"2024-04-01T16:28:31","guid":{"rendered":"http:\/\/lahora.mx\/?p=43954"},"modified":"2024-04-01T16:28:32","modified_gmt":"2024-04-01T16:28:32","slug":"armenta-embiste-a-eduardo-abandonaron-colonias-y-se-desmarcan-de-la-inseguridad","status":"publish","type":"post","link":"https:\/\/lahora.mx\/index.php\/2024\/04\/01\/armenta-embiste-a-eduardo-abandonaron-colonias-y-se-desmarcan-de-la-inseguridad\/","title":{"rendered":"Armenta embiste a Eduardo: abandonaron colonias y se desmarcan de la inseguridad"},"content":{"rendered":"\n<p>Alejandro Armenta Mier, candidato a la gubernatura de Puebla de la coalici\u00f3n Sigamos Haciendo Historia, arremeti\u00f3 contra su adversario de la alianza Mejor Rumbo para Puebla Eduardo Rivera P\u00e9rez al se\u00f1alar que abandon\u00f3 a los colonias y juntas auxiliares del municipio de Puebla, invirtiendo en salarios y dejando de lado la seguridad de los poblanos.<\/p>\n\n\n\n<p>El aspirante de la Cuarta Transformaci\u00f3n a la gubernatura del estado asever\u00f3 que, en unidad junto con Pepe Chedraui, qui\u00e9n busca la alcald\u00eda, recuperar\u00e1n al municipio de Puebla, pues durante la gesti\u00f3n de Rivera P\u00e9rez solo utiliz\u00f3 los recursos p\u00fablicos para promocionar su imagen de cara al proceso electoral.<\/p>\n\n\n\n<p>\u201cHay temas impostergables, nuestra ciudad est\u00e1 deteriorada, las juntas auxiliares fueron abandonadas [luego de] que los recursos p\u00fablicos de la ciudad fueron utilizados para buscar la imagen de quien hoy compite en el estado\u201d, coment\u00f3.<\/p>\n\n\n\n<p>Armenta Mier se\u00f1al\u00f3 que el abandono de la capital poblana fue por la falta de inversi\u00f3n en estrategias de seguridad, la falta de atenci\u00f3n en materia de obra p\u00fablica que se ve reflejada en la gran cantidad de baches.<\/p>\n\n\n\n<p>Adem\u00e1s, dijo que Rivera P\u00e9rez solo culp\u00f3 al gobierno federal y estatal de la falta de acciones en el municipio y que endeud\u00f3 a la ciudad, privatiz\u00f3 el agua potable y abandon\u00f3 a las juntas auxiliares.<\/p>\n\n\n\n<p>\u201cNecesitamos que nos ayuden porque vamos a recuperar la ciudad; vamos a recuperar la seguridad, que no tengamos un gobierno como el actual municipal que se la pasa echando la culpa al gobierno federal y estatal, cuando ellos no invierten en seguridad en la ciudad de Puebla (\u2026) Pepe Chedraui y yo vamos a rehabilitar la red de distribuci\u00f3n del agua\u201d, acot\u00f3.<\/p>\n\n\n\n<p>Lo anterior durante el arranque de campa\u00f1a electoral este domingo de Jos\u00e9 Chedraui Budib, candidato a alcald\u00eda de Puebla, que se llev\u00f3 a cabo en la colonia Agua Santa como parte de las actividades del primer d\u00eda de la jornada de actividades proselitistas de cara a la elecci\u00f3n del 2 de junio.<\/p>\n\n\n\n<p>Propuestas del plan estatal de Armenta<br>Proyecto h\u00eddrico, seguridad, tecnificaci\u00f3n del campo, obra comunitaria y la capital de electromovilidad son algunas propuestas del proyecto que impulsar\u00e1 el candidato a la gubernatura de Puebla por la coalici\u00f3n Seguimos Haciendo Historia, Alejandro Armenta Mier.<\/p>\n\n\n\n<p>Con el arranque de campa\u00f1a este domingo, el abanderado de la Cuarta Transformaci\u00f3n asever\u00f3 que el proyecto de estado tendr\u00e1 seis ejes que presentar\u00e1 este lunes 1 de abril a las 19:00 horas, as\u00ed como los 10 planes estrat\u00e9gicos para el desarrollo de Puebla, en los que anunciar\u00e1 los 100 compromisos para el territorio poblano.<\/p>\n\n\n\n<p>Uno de ellos es impulsar a la entidad poblana como la capital de la electromovilidad, que permitir\u00e1 que en 100 municipios entre el Izta-popo, Malintzi y Citlalt\u00e9petl, as\u00ed como en la regi\u00f3n de la Mixteca y el Valle logre detonar la tecnolog\u00eda y sustentabilidad para el pa\u00eds.<\/p>\n\n\n\n<p>Adem\u00e1s de sumarse a las estrategias que utilizan las 10 potencias del mundo con la tecnolog\u00eda en el campo con la finalidad de dar valor agregado al campo y de esta forma crear una revoluci\u00f3n agropecuaria. Adem\u00e1s de subirse al \u201ccanal de oportunidades\u201d del Tren interoce\u00e1nico, que comunicara a Europa con As\u00eda.<\/p>\n\n\n\n<p>Impulsar el programa de obra comunitaria<br>Armenta Mier afirm\u00f3 que trabajar\u00e1 en un plan que permita impulsar la \u201cobra comunitaria\u201d para que, en los ejidos, rancher\u00edas, comunidades, inspector\u00edas y juntas auxiliares cuenten con obra p\u00fablica para generar progreso en las m\u00e1s de seis mil localidades poblanas.<\/p>\n\n\n\n<p>En materia de seguridad, dijo que trabajar\u00e1 con los tres \u00f3rdenes de gobierno para combatir al crimen organizado y regresar la paz social en Puebla, a trav\u00e9s de la coordinaci\u00f3n entre las autoridades del municipio, del estado y el gobierno federal.<\/p>\n\n\n\n<p>Tambi\u00e9n asegur\u00f3 que se combatir\u00e1 el origen de la inseguridad que proviene de los problemas disociativos mediante la aplicaci\u00f3n de estrategias como mayor educaci\u00f3n, cultura, deporte y arte en cada una de las regiones poblanas, para que la juventud se aleje de las armas y grupos delictivos generando acciones para ser competitivos y productivos.<\/p>\n\n\n\n<p>Armenta embiste a Eduardo: abandonaron colonias y se desmarcan de la inseguridad<br>Proyecto h\u00eddrico<\/p>\n\n\n\n<p>Armenta present\u00f3 el plan estatal h\u00eddrico para la recuperaci\u00f3n del agua, con el que afirm\u00f3 que no existir\u00e1 una privatizaci\u00f3n del vital l\u00edquido, sino que se tratar\u00e1 como un derecho humano, por lo que propone la recuperaci\u00f3n del agua de lluvia de mercados, viviendas y edificios p\u00fablicos para que, a trav\u00e9s de la captaci\u00f3n de la misma, pueda utilizarse en el riego de los campos poblanos.<\/p>\n\n\n\n<p>Adem\u00e1s, en las m\u00e1s de 13 mil sociedades de pozo de agua en Puebla cuenten con paneles solares, para reducir el costo de producci\u00f3n para la \u201ccosecha del agua de lluvia\u201d y conducir a la revoluci\u00f3n agroindustrial. Debido a que en 100 ciudades de Puebla pierde el 40 por ciento del agua de pozo que se va a los drenajes y se pierde; por lo que las redes de distribuci\u00f3n ser\u00e1n renovadas para evitar esta p\u00e9rdida.<\/p>\n\n\n\n<p>Los afluentes del R\u00edo Atoyac y Alseseca con el uso de tecnolog\u00eda permitir\u00e1 la recuperaci\u00f3n del recurso, as\u00ed como la laguna de Valsequillo y este sea aprovechado, un proyecto que dijo se realizar\u00e1 de la mano de la candidata a la presidencia Claudia Sheinbaum.<\/p>\n\n\n\n<p>Tecnificaci\u00f3n del campo poblano<\/p>\n\n\n\n<p>Dentro de estas estrategias est\u00e1 la tecnificaci\u00f3n del campo a trav\u00e9s de la instalaci\u00f3n de paneles solares para el bombeo agr\u00edcola que permitir\u00e1 reducir las tarifas de electricidad y generar mayor producci\u00f3n mediante la aplicaci\u00f3n de programas que hagan uso de la tecnolog\u00eda para dar un valor agregado a la producci\u00f3n en Puebla.<\/p>\n\n\n\n<p>De acuerdo con los programas del gobierno federal, la tecnificaci\u00f3n del campo incluye \u201capoyos por extensionismo, capacitaci\u00f3n, transferencia tecnol\u00f3gica, paquetes tecnol\u00f3gicos que incluyen los elementos e insumos necesarios para el desarrollo de la actividad para la cual est\u00e1n elaborados y dirigidos\u201d.<\/p>\n","protected":false},"excerpt":{"rendered":"<p>Alejandro Armenta Mier, candidato a la gubernatura de Puebla de la coalici\u00f3n Sigamos Haciendo Historia, arremeti\u00f3 contra su adversario de la alianza Mejor Rumbo para Puebla Eduardo Rivera P\u00e9rez al se\u00f1alar que abandon\u00f3 a los colonias y juntas auxiliares del municipio de Puebla, invirtiendo en salarios y dejando de lado la seguridad de los poblanos. [&hellip;]<\/p>\n","protected":false},"author":4,"featured_media":43955,"comment_status":"open","ping_status":"open","sticky":false,"template":"","format":"standard","meta":{"om_disable_all_campaigns":false,"_monsterinsights_skip_tracking":false,"_monsterinsights_sitenote_active":false,"_monsterinsights_sitenote_note":"","_monsterinsights_sitenote_category":0,"footnotes":""},"categories":[175],"tags":[223],"class_list":["post-43954","post","type-post","status-publish","format-standard","has-post-thumbnail","hentry","category-local","tag-puebla"],"amp_enabled":true,"_links":{"self":[{"href":"https:\/\/lahora.mx\/index.php\/wp-json\/wp\/v2\/posts\/43954","targetHints":{"allow":["GET"]}}],"collection":[{"href":"https:\/\/lahora.mx\/index.php\/wp-json\/wp\/v2\/posts"}],"about":[{"href":"https:\/\/lahora.mx\/index.php\/wp-json\/wp\/v2\/types\/post"}],"author":[{"embeddable":true,"href":"https:\/\/lahora.mx\/index.php\/wp-json\/wp\/v2\/users\/4"}],"replies":[{"embeddable":true,"href":"https:\/\/lahora.mx\/index.php\/wp-json\/wp\/v2\/comments?post=43954"}],"version-history":[{"count":1,"href":"https:\/\/lahora.mx\/index.php\/wp-json\/wp\/v2\/posts\/43954\/revisions"}],"predecessor-version":[{"id":43956,"href":"https:\/\/lahora.mx\/index.php\/wp-json\/wp\/v2\/posts\/43954\/revisions\/43956"}],"wp:featuredmedia":[{"embeddable":true,"href":"https:\/\/lahora.mx\/index.php\/wp-json\/wp\/v2\/media\/43955"}],"wp:attachment":[{"href":"https:\/\/lahora.mx\/index.php\/wp-json\/wp\/v2\/media?parent=43954"}],"wp:term":[{"taxonomy":"category","embeddable":true,"href":"https:\/\/lahora.mx\/index.php\/wp-json\/wp\/v2\/categories?post=43954"},{"taxonomy":"post_tag","embeddable":true,"href":"https:\/\/lahora.mx\/index.php\/wp-json\/wp\/v2\/tags?post=43954"}],"curies":[{"name":"wp","href":"https:\/\/api.w.org\/{rel}","templated":true}]}}