{"id":43951,"date":"2024-04-01T16:01:30","date_gmt":"2024-04-01T16:01:30","guid":{"rendered":"http:\/\/lahora.mx\/?p=43951"},"modified":"2024-04-01T16:01:31","modified_gmt":"2024-04-01T16:01:31","slug":"detienen-a-asaltantes-de-oxxo-en-amalucan-tras-una-persecucion","status":"publish","type":"post","link":"https:\/\/lahora.mx\/index.php\/2024\/04\/01\/detienen-a-asaltantes-de-oxxo-en-amalucan-tras-una-persecucion\/","title":{"rendered":"Detienen a asaltantes de Oxxo en Amalucan tras una persecuci\u00f3n"},"content":{"rendered":"\n<p>El motivo que desencaden\u00f3 una fuerte persecuci\u00f3n entre polic\u00edas municipales y los ocupantes de una camioneta es que \u00e9stos acababan de asaltar un Oxxo en Plazas Amalucan; los responsables realizaron disparos para poder escapar, pero no lo lograron, pues adem\u00e1s de que chocaron, fueron detenidos.<\/p>\n\n\n\n<p>La persecuci\u00f3n de esta ma\u00f1ana en la zona de Amalucan y Bosques de San Sebasti\u00e1n deriv\u00f3 de la captura de dos presuntos asaltantes de negocio, quienes acababan de atracar a los empleados de un Oxxo en Plazas Amalucan y se daban a la fuga a bordo de una camioneta de batea de color rojo.<\/p>\n\n\n\n<p>Toda vez que los polic\u00edas fueron alertados de este hecho, llegaron r\u00e1pidamente al sitio y, tras tomar conocimiento de los hechos, comenzaron con la b\u00fasqueda de los criminales, quienes hu\u00edan armados.<\/p>\n\n\n\n<p>La persecuci\u00f3n culmin\u00f3 en el Boulevard Xonacatepec en la colonia Bosques de San Sebasti\u00e1n, a la altura de la Secundaria T\u00e9cnica 50, donde los sujetos chocaron la camioneta y fueron detenidos inmediatamente por las autoridades, quienes los pusieron a disposici\u00f3n del Ministerio P\u00fablico para definir su situaci\u00f3n legal.<\/p>\n","protected":false},"excerpt":{"rendered":"<p>El motivo que desencaden\u00f3 una fuerte persecuci\u00f3n entre polic\u00edas municipales y los ocupantes de una camioneta es que \u00e9stos acababan de asaltar un Oxxo en Plazas Amalucan; los responsables realizaron disparos para poder escapar, pero no lo lograron, pues adem\u00e1s de que chocaron, fueron detenidos. La persecuci\u00f3n de esta ma\u00f1ana en la zona de Amalucan [&hellip;]<\/p>\n","protected":false},"author":4,"featured_media":43952,"comment_status":"open","ping_status":"open","sticky":false,"template":"","format":"standard","meta":{"om_disable_all_campaigns":false,"_monsterinsights_skip_tracking":false,"_monsterinsights_sitenote_active":false,"_monsterinsights_sitenote_note":"","_monsterinsights_sitenote_category":0,"footnotes":""},"categories":[175],"tags":[223],"class_list":["post-43951","post","type-post","status-publish","format-standard","has-post-thumbnail","hentry","category-local","tag-puebla"],"amp_enabled":true,"_links":{"self":[{"href":"https:\/\/lahora.mx\/index.php\/wp-json\/wp\/v2\/posts\/43951","targetHints":{"allow":["GET"]}}],"collection":[{"href":"https:\/\/lahora.mx\/index.php\/wp-json\/wp\/v2\/posts"}],"about":[{"href":"https:\/\/lahora.mx\/index.php\/wp-json\/wp\/v2\/types\/post"}],"author":[{"embeddable":true,"href":"https:\/\/lahora.mx\/index.php\/wp-json\/wp\/v2\/users\/4"}],"replies":[{"embeddable":true,"href":"https:\/\/lahora.mx\/index.php\/wp-json\/wp\/v2\/comments?post=43951"}],"version-history":[{"count":1,"href":"https:\/\/lahora.mx\/index.php\/wp-json\/wp\/v2\/posts\/43951\/revisions"}],"predecessor-version":[{"id":43953,"href":"https:\/\/lahora.mx\/index.php\/wp-json\/wp\/v2\/posts\/43951\/revisions\/43953"}],"wp:featuredmedia":[{"embeddable":true,"href":"https:\/\/lahora.mx\/index.php\/wp-json\/wp\/v2\/media\/43952"}],"wp:attachment":[{"href":"https:\/\/lahora.mx\/index.php\/wp-json\/wp\/v2\/media?parent=43951"}],"wp:term":[{"taxonomy":"category","embeddable":true,"href":"https:\/\/lahora.mx\/index.php\/wp-json\/wp\/v2\/categories?post=43951"},{"taxonomy":"post_tag","embeddable":true,"href":"https:\/\/lahora.mx\/index.php\/wp-json\/wp\/v2\/tags?post=43951"}],"curies":[{"name":"wp","href":"https:\/\/api.w.org\/{rel}","templated":true}]}}