{"id":43948,"date":"2024-04-01T15:41:21","date_gmt":"2024-04-01T15:41:21","guid":{"rendered":"http:\/\/lahora.mx\/?p=43948"},"modified":"2024-04-01T15:41:21","modified_gmt":"2024-04-01T15:41:21","slug":"encuentran-cuerpo-en-periferico-ecologico-a-la-altura-de-flor-del-bosque","status":"publish","type":"post","link":"https:\/\/lahora.mx\/index.php\/2024\/04\/01\/encuentran-cuerpo-en-periferico-ecologico-a-la-altura-de-flor-del-bosque\/","title":{"rendered":"Encuentran cuerpo en Perif\u00e9rico Ecol\u00f3gico a la altura de Flor del Bosque"},"content":{"rendered":"\n<p>Un cuerpo envuelto en una lona y con la cabeza cubierta por una bolsa negra de pl\u00e1stico, fue descubierto esta ma\u00f1ana a un costado de Perif\u00e9rico Ecol\u00f3gico a la altura de Flor del Bosque en lo l\u00edmites de Puebla con Amozoc.<\/p>\n\n\n\n<p>Los hechos fueron reportados al n\u00famero de emergencias 9-1-1, por lo que toc\u00f3 a polic\u00edas municipales y param\u00e9dicos de Protecci\u00f3n Civil Municipal de Amozoc trasladarse a la zona.<\/p>\n\n\n\n<p>Leer m\u00e1s \u00abEl Bobo\u00bb, hombre asesinado en la colonia Art\u00edculo Primero intent\u00f3 matar a su t\u00edo<br>Ah\u00ed los oficiales tomaron conocimiento de la situaci\u00f3n mientras los T\u00e9cnicos en Urgencias M\u00e9dicas (TUM\u2019s) revisaron a la v\u00edctima e indicaron que esta ya no contaba con signos vitales.<\/p>\n\n\n\n<p>Los oficiales del municipio de Amozoc acordonaron el \u00e1rea y dieron parte a la Fiscal\u00eda General del Estado de Puebla (FGE).<\/p>\n\n\n\n<p>Tocar\u00e1 a peritos y a un grupo de agentes investigadores realizar las diligencias del levantamiento de cad\u00e1ver y determinar si se trata de un hombre o una mujer la persona asesinada.<\/p>\n\n\n\n<p>Adem\u00e1s de que se espera saber con qu\u00e9 tipo de lesiones cuenta y su posible identidad.<\/p>\n","protected":false},"excerpt":{"rendered":"<p>Un cuerpo envuelto en una lona y con la cabeza cubierta por una bolsa negra de pl\u00e1stico, fue descubierto esta ma\u00f1ana a un costado de Perif\u00e9rico Ecol\u00f3gico a la altura de Flor del Bosque en lo l\u00edmites de Puebla con Amozoc. Los hechos fueron reportados al n\u00famero de emergencias 9-1-1, por lo que toc\u00f3 a [&hellip;]<\/p>\n","protected":false},"author":4,"featured_media":43949,"comment_status":"open","ping_status":"open","sticky":false,"template":"","format":"standard","meta":{"om_disable_all_campaigns":false,"_monsterinsights_skip_tracking":false,"_monsterinsights_sitenote_active":false,"_monsterinsights_sitenote_note":"","_monsterinsights_sitenote_category":0,"footnotes":""},"categories":[175,226],"tags":[223],"class_list":["post-43948","post","type-post","status-publish","format-standard","has-post-thumbnail","hentry","category-local","category-policia","tag-puebla"],"amp_enabled":true,"_links":{"self":[{"href":"https:\/\/lahora.mx\/index.php\/wp-json\/wp\/v2\/posts\/43948","targetHints":{"allow":["GET"]}}],"collection":[{"href":"https:\/\/lahora.mx\/index.php\/wp-json\/wp\/v2\/posts"}],"about":[{"href":"https:\/\/lahora.mx\/index.php\/wp-json\/wp\/v2\/types\/post"}],"author":[{"embeddable":true,"href":"https:\/\/lahora.mx\/index.php\/wp-json\/wp\/v2\/users\/4"}],"replies":[{"embeddable":true,"href":"https:\/\/lahora.mx\/index.php\/wp-json\/wp\/v2\/comments?post=43948"}],"version-history":[{"count":1,"href":"https:\/\/lahora.mx\/index.php\/wp-json\/wp\/v2\/posts\/43948\/revisions"}],"predecessor-version":[{"id":43950,"href":"https:\/\/lahora.mx\/index.php\/wp-json\/wp\/v2\/posts\/43948\/revisions\/43950"}],"wp:featuredmedia":[{"embeddable":true,"href":"https:\/\/lahora.mx\/index.php\/wp-json\/wp\/v2\/media\/43949"}],"wp:attachment":[{"href":"https:\/\/lahora.mx\/index.php\/wp-json\/wp\/v2\/media?parent=43948"}],"wp:term":[{"taxonomy":"category","embeddable":true,"href":"https:\/\/lahora.mx\/index.php\/wp-json\/wp\/v2\/categories?post=43948"},{"taxonomy":"post_tag","embeddable":true,"href":"https:\/\/lahora.mx\/index.php\/wp-json\/wp\/v2\/tags?post=43948"}],"curies":[{"name":"wp","href":"https:\/\/api.w.org\/{rel}","templated":true}]}}