{"id":43916,"date":"2024-03-25T14:45:09","date_gmt":"2024-03-25T14:45:09","guid":{"rendered":"http:\/\/lahora.mx\/?p=43916"},"modified":"2024-04-01T14:48:39","modified_gmt":"2024-04-01T14:48:39","slug":"rehabilitacion-en-la-via-atlixcayotl-a-partir-de-27-de-marzo","status":"publish","type":"post","link":"https:\/\/lahora.mx\/index.php\/2024\/03\/25\/rehabilitacion-en-la-via-atlixcayotl-a-partir-de-27-de-marzo\/","title":{"rendered":"Rehabilitaci\u00f3n en la V\u00eda Atlixc\u00e1yotl a partir de 27 de marzo"},"content":{"rendered":"\n<p>Derivado de los trabajos de rehabilitaci\u00f3n en la V\u00eda Atlixc\u00e1yotl, la Secretar\u00eda de Movilidad y Transporte (SMT) informa que, a partir del 27 de marzo y hasta el 15 de abril, estar\u00e1n cerrados temporalmente los carriles izquierdos del cuerpo central de esta vialidad, debido al ingreso de maquinaria pesada bajo los puentes del Perif\u00e9rico Ecol\u00f3gico.<\/p>\n\n\n\n<p>Para agilizar el tr\u00e1nsito vehicular, ser\u00e1 abierto un carril adicional en las laterales de la V\u00eda Atlixc\u00e1yotl, por lo que las y los automovilistas contar\u00e1n con tres carriles en ambos sentidos. Cabe destacar que la circulaci\u00f3n se retomar\u00e1 con normalidad al cruzar la zona de obras.<\/p>\n\n\n\n<p>Para salvaguardar la seguridad de las y los poblanos que circulan sobre la V\u00eda Atlixc\u00e1yotl, la zona permanece se\u00f1alizada y resguardada por elementos del \u00e1rea de Seguridad y Proximidad de Caminos de la Secretar\u00eda de Seguridad P\u00fablica.<\/p>\n\n\n\n<p>La SMT recomienda a la sociedad planificar sus traslados con anticipaci\u00f3n y tomar v\u00edas alternas, como:<\/p>\n\n\n\n<p>Con sentido a Puebla:<\/p>\n\n\n\n<p>Carriles centrales de V\u00eda Atlixc\u00e1yotl<br>Incorporaci\u00f3n a Perif\u00e9rico Ecol\u00f3gico, sentido a Valsequillo<br>Bulevar Carmelitas y Bulevar Municipio Libre o Avenida Las Torres<br>Calles 7 Sur, 16 de Septiembre, 2 Sur y 14 Sur<br>Con sentido a Atlixco:<\/p>\n\n\n\n<p>Carriles centrales de V\u00eda Atlixc\u00e1yotl<br>Incorporaci\u00f3n a Perif\u00e9rico Ecol\u00f3gico, sentido a Ciudad Judicial<br>Carretera Federal a Atlixco<\/p>\n","protected":false},"excerpt":{"rendered":"<p>Derivado de los trabajos de rehabilitaci\u00f3n en la V\u00eda Atlixc\u00e1yotl, la Secretar\u00eda de Movilidad y Transporte (SMT) informa que, a partir del 27 de marzo y hasta el 15 de abril, estar\u00e1n cerrados temporalmente los carriles izquierdos del cuerpo central de esta vialidad, debido al ingreso de maquinaria pesada bajo los puentes del Perif\u00e9rico Ecol\u00f3gico. [&hellip;]<\/p>\n","protected":false},"author":4,"featured_media":43919,"comment_status":"open","ping_status":"open","sticky":false,"template":"","format":"standard","meta":{"om_disable_all_campaigns":false,"_monsterinsights_skip_tracking":false,"_monsterinsights_sitenote_active":false,"_monsterinsights_sitenote_note":"","_monsterinsights_sitenote_category":0,"footnotes":""},"categories":[175],"tags":[239,223],"class_list":["post-43916","post","type-post","status-publish","format-standard","has-post-thumbnail","hentry","category-local","tag-gobierno","tag-puebla"],"amp_enabled":true,"_links":{"self":[{"href":"https:\/\/lahora.mx\/index.php\/wp-json\/wp\/v2\/posts\/43916","targetHints":{"allow":["GET"]}}],"collection":[{"href":"https:\/\/lahora.mx\/index.php\/wp-json\/wp\/v2\/posts"}],"about":[{"href":"https:\/\/lahora.mx\/index.php\/wp-json\/wp\/v2\/types\/post"}],"author":[{"embeddable":true,"href":"https:\/\/lahora.mx\/index.php\/wp-json\/wp\/v2\/users\/4"}],"replies":[{"embeddable":true,"href":"https:\/\/lahora.mx\/index.php\/wp-json\/wp\/v2\/comments?post=43916"}],"version-history":[{"count":2,"href":"https:\/\/lahora.mx\/index.php\/wp-json\/wp\/v2\/posts\/43916\/revisions"}],"predecessor-version":[{"id":43921,"href":"https:\/\/lahora.mx\/index.php\/wp-json\/wp\/v2\/posts\/43916\/revisions\/43921"}],"wp:featuredmedia":[{"embeddable":true,"href":"https:\/\/lahora.mx\/index.php\/wp-json\/wp\/v2\/media\/43919"}],"wp:attachment":[{"href":"https:\/\/lahora.mx\/index.php\/wp-json\/wp\/v2\/media?parent=43916"}],"wp:term":[{"taxonomy":"category","embeddable":true,"href":"https:\/\/lahora.mx\/index.php\/wp-json\/wp\/v2\/categories?post=43916"},{"taxonomy":"post_tag","embeddable":true,"href":"https:\/\/lahora.mx\/index.php\/wp-json\/wp\/v2\/tags?post=43916"}],"curies":[{"name":"wp","href":"https:\/\/api.w.org\/{rel}","templated":true}]}}