{"id":43853,"date":"2024-04-01T05:42:08","date_gmt":"2024-04-01T05:42:08","guid":{"rendered":"http:\/\/lahora.mx\/?p=43853"},"modified":"2024-04-01T05:42:08","modified_gmt":"2024-04-01T05:42:08","slug":"partidos-deben-tener-filtros-para-evitar-perfiles-vinculados-al-crimen-menciona-claudia-sheinbaum","status":"publish","type":"post","link":"https:\/\/lahora.mx\/index.php\/2024\/04\/01\/partidos-deben-tener-filtros-para-evitar-perfiles-vinculados-al-crimen-menciona-claudia-sheinbaum\/","title":{"rendered":"Partidos deben tener filtros para evitar perfiles vinculados al crimen menciona Claudia Sheinbaum"},"content":{"rendered":"\n<p>En su visita a Iz\u00facar de Matamoros, la candidata a la presidencia Claudia Sheinbaum Pardo asegur\u00f3 que los aspirantes de Morena que fueron designados para la contienda electoral pasaron por un filtro para evitar v\u00ednculos con la delincuencia.<\/p>\n\n\n\n<p>La presidenciable afirm\u00f3 que esta situaci\u00f3n la debieron de replicar los partidos que integran la coalici\u00f3n Sigamos Haciendo Historia para que a trav\u00e9s de la Fiscal\u00eda General de la Rep\u00fablica (FGR) y la Secretar\u00eda de Seguridad Ciudadana (SSC) se analizaran a los perfiles.<\/p>\n\n\n\n<p>Lo anterior ante el cuestionamiento de perfiles como Guadalupe Mart\u00ednez Gerardo, abanderada a alcald\u00eda de Quecholac por el partido Pacto Social de Integraci\u00f3n (PSI), quien advirti\u00f3 denuncias contra medios de comunicaci\u00f3n por \u201cactos de hostigamiento\u201d debido a la investigaci\u00f3n por huachicol contra integrantes de su familia.<\/p>\n\n\n\n<p>En entrevista tras concluir el evento de arranque de campa\u00f1a del candidato a la gubernatura de Puebla, Alejandro Armenta Mier, Sheinbaum Pardo descart\u00f3 que existan perfiles que est\u00e9n relacionados con el crimen organizado o cuenten con alguna carpeta de investigaci\u00f3n en proceso y que vayan a tener participaci\u00f3n en el proceso electoral.<\/p>\n\n\n\n<p>\u201cTodos los candidatos y candidatas que tenemos pasan por un filtro en donde le preguntamos, tanto a la Fiscal\u00eda General de la Rep\u00fablica como a la Secretar\u00eda de Seguridad Ciudadana, si es que hay alguna alg\u00fan tema vinculado con alg\u00fan tipo de delincuencia. Si hay algo, entonces se retiran esos candidatos, eso deber\u00edan hacer todos los partidos\u00bb, acot\u00f3.<\/p>\n\n\n\n<p>Por otra parte, descart\u00f3 que exista divisi\u00f3n en el interior del partido en el estado de Puebla, esto tras reconocer que la designaci\u00f3n de candidaturas caus\u00f3 molestia en algunos militantes, pues argument\u00f3 que los nombramientos se dieron a trav\u00e9s de las encuestas que validaron el proceso, a pesar de \u201calgunos reclamos\u201d de aquellos que no quedaron seleccionados.<\/p>\n\n\n\n<p>Finalmente confi\u00f3 que en Puebla se logren 2 millones de votos que sumar\u00e1n a obtener la presidencia, junto con los cargos para el Senado y C\u00e1mara de Diputados, en las elecciones del pr\u00f3ximo 2 de junio.<\/p>\n","protected":false},"excerpt":{"rendered":"<p>En su visita a Iz\u00facar de Matamoros, la candidata a la presidencia Claudia Sheinbaum Pardo asegur\u00f3 que los aspirantes de Morena que fueron designados para la contienda electoral pasaron por un filtro para evitar v\u00ednculos con la delincuencia. La presidenciable afirm\u00f3 que esta situaci\u00f3n la debieron de replicar los partidos que integran la coalici\u00f3n Sigamos [&hellip;]<\/p>\n","protected":false},"author":4,"featured_media":43854,"comment_status":"open","ping_status":"open","sticky":false,"template":"","format":"standard","meta":{"om_disable_all_campaigns":false,"_monsterinsights_skip_tracking":false,"_monsterinsights_sitenote_active":false,"_monsterinsights_sitenote_note":"","_monsterinsights_sitenote_category":0,"footnotes":""},"categories":[176],"tags":[],"class_list":["post-43853","post","type-post","status-publish","format-standard","has-post-thumbnail","hentry","category-nacional"],"amp_enabled":true,"_links":{"self":[{"href":"https:\/\/lahora.mx\/index.php\/wp-json\/wp\/v2\/posts\/43853","targetHints":{"allow":["GET"]}}],"collection":[{"href":"https:\/\/lahora.mx\/index.php\/wp-json\/wp\/v2\/posts"}],"about":[{"href":"https:\/\/lahora.mx\/index.php\/wp-json\/wp\/v2\/types\/post"}],"author":[{"embeddable":true,"href":"https:\/\/lahora.mx\/index.php\/wp-json\/wp\/v2\/users\/4"}],"replies":[{"embeddable":true,"href":"https:\/\/lahora.mx\/index.php\/wp-json\/wp\/v2\/comments?post=43853"}],"version-history":[{"count":1,"href":"https:\/\/lahora.mx\/index.php\/wp-json\/wp\/v2\/posts\/43853\/revisions"}],"predecessor-version":[{"id":43855,"href":"https:\/\/lahora.mx\/index.php\/wp-json\/wp\/v2\/posts\/43853\/revisions\/43855"}],"wp:featuredmedia":[{"embeddable":true,"href":"https:\/\/lahora.mx\/index.php\/wp-json\/wp\/v2\/media\/43854"}],"wp:attachment":[{"href":"https:\/\/lahora.mx\/index.php\/wp-json\/wp\/v2\/media?parent=43853"}],"wp:term":[{"taxonomy":"category","embeddable":true,"href":"https:\/\/lahora.mx\/index.php\/wp-json\/wp\/v2\/categories?post=43853"},{"taxonomy":"post_tag","embeddable":true,"href":"https:\/\/lahora.mx\/index.php\/wp-json\/wp\/v2\/tags?post=43853"}],"curies":[{"name":"wp","href":"https:\/\/api.w.org\/{rel}","templated":true}]}}