{"id":43809,"date":"2024-03-31T23:48:40","date_gmt":"2024-03-31T23:48:40","guid":{"rendered":"http:\/\/lahora.mx\/?p=43809"},"modified":"2024-04-01T02:34:09","modified_gmt":"2024-04-01T02:34:09","slug":"regular-la-calidad-de-aire-en-la-zona-metropolitana-de-puebla-smadsot","status":"publish","type":"post","link":"https:\/\/lahora.mx\/index.php\/2024\/03\/31\/regular-la-calidad-de-aire-en-la-zona-metropolitana-de-puebla-smadsot\/","title":{"rendered":"Regular la calidad de aire en la zona metropolitana de Puebla: SMADSOT"},"content":{"rendered":"\n<p>La Secretar\u00eda de Medio Ambiente, Desarrollo Sustentable y Ordenamiento Territorial (SMADSOT) dio a conocer que la calidad del aire en la zona metropolitana de Puebla mantuvo el rango de regular, al corte de las 10:00 horas de este domingo 31 de marzo, al no exceder ninguna de las estaciones de monitoreo los par\u00e1metros de la Norma Oficial Mexicana (NOM) con relaci\u00f3n a las part\u00edculas PM 2.5 y PM 10.<\/p>\n\n\n\n<p>De acuerdo con la Red Estatal de Monitoreo Atmosf\u00e9rico (REMA), las part\u00edculas PM 2.5, asociadas a residuos por incendios forestales, urbanos o quemas, tuvieron un incremento en sus niveles, aunque solamente San Mart\u00edn Texmelucan super\u00f3 los par\u00e1metros de la NOM.<\/p>\n\n\n\n<p>Asimismo, la dependencia estatal report\u00f3 que las estaciones de monitoreo de los municipios de Atlixco y Tehuac\u00e1n registraron niveles dentro de Norma, en part\u00edculas PM 2.5 y PM 10.<\/p>\n\n\n\n<p>En tanto, la Secretar\u00eda de Salud indic\u00f3 que del 7 de marzo al 30 de marzo atendi\u00f3 a 131 personas de rinitis ocasionada por la ceniza del volc\u00e1n Popocat\u00e9petl.<\/p>\n\n\n\n<p>En las \u00faltimas 24 horas, siete personas acudieron a uno de los 84 centros de salud que se ubican a los alrededores del volc\u00e1n, para ser atendidos luego de presentar afectaciones causadas por el material volc\u00e1nico.<\/p>\n\n\n\n<p>De acuerdo con el Centro Nacional de Prevenci\u00f3n de Desastres (Cenapred), en las \u00faltimas 24 horas el volc\u00e1n Popocat\u00e9petl registr\u00f3 72 exhalaciones y 102 minutos de tremor. El sem\u00e1foro de alerta volc\u00e1nica contin\u00faa en Amarillo Fase 2, por lo que sigue el exhorto a respetar el radio de restricci\u00f3n de 12 kil\u00f3metros alrededor del cr\u00e1ter.<\/p>\n\n\n\n<p>Asimismo, el Gobierno de Puebla, inform\u00f3 que con corte a las 05:30 horas de este domingo31 de marzo, los municipios que registraron ca\u00edda de ceniza del coloso fueron: Puebla, San Andr\u00e9s Cholula, San Pedro Cholula y Cuautlancingo.<\/p>\n","protected":false},"excerpt":{"rendered":"<p>La Secretar\u00eda de Medio Ambiente, Desarrollo Sustentable y Ordenamiento Territorial (SMADSOT) dio a conocer que la calidad del aire en la zona metropolitana de Puebla mantuvo el rango de regular, al corte de las 10:00 horas de este domingo 31 de marzo, al no exceder ninguna de las estaciones de monitoreo los par\u00e1metros de la [&hellip;]<\/p>\n","protected":false},"author":4,"featured_media":43811,"comment_status":"open","ping_status":"open","sticky":false,"template":"","format":"standard","meta":{"om_disable_all_campaigns":false,"_monsterinsights_skip_tracking":false,"_monsterinsights_sitenote_active":false,"_monsterinsights_sitenote_note":"","_monsterinsights_sitenote_category":0,"footnotes":""},"categories":[175],"tags":[223],"class_list":["post-43809","post","type-post","status-publish","format-standard","has-post-thumbnail","hentry","category-local","tag-puebla"],"amp_enabled":true,"_links":{"self":[{"href":"https:\/\/lahora.mx\/index.php\/wp-json\/wp\/v2\/posts\/43809","targetHints":{"allow":["GET"]}}],"collection":[{"href":"https:\/\/lahora.mx\/index.php\/wp-json\/wp\/v2\/posts"}],"about":[{"href":"https:\/\/lahora.mx\/index.php\/wp-json\/wp\/v2\/types\/post"}],"author":[{"embeddable":true,"href":"https:\/\/lahora.mx\/index.php\/wp-json\/wp\/v2\/users\/4"}],"replies":[{"embeddable":true,"href":"https:\/\/lahora.mx\/index.php\/wp-json\/wp\/v2\/comments?post=43809"}],"version-history":[{"count":1,"href":"https:\/\/lahora.mx\/index.php\/wp-json\/wp\/v2\/posts\/43809\/revisions"}],"predecessor-version":[{"id":43812,"href":"https:\/\/lahora.mx\/index.php\/wp-json\/wp\/v2\/posts\/43809\/revisions\/43812"}],"wp:featuredmedia":[{"embeddable":true,"href":"https:\/\/lahora.mx\/index.php\/wp-json\/wp\/v2\/media\/43811"}],"wp:attachment":[{"href":"https:\/\/lahora.mx\/index.php\/wp-json\/wp\/v2\/media?parent=43809"}],"wp:term":[{"taxonomy":"category","embeddable":true,"href":"https:\/\/lahora.mx\/index.php\/wp-json\/wp\/v2\/categories?post=43809"},{"taxonomy":"post_tag","embeddable":true,"href":"https:\/\/lahora.mx\/index.php\/wp-json\/wp\/v2\/tags?post=43809"}],"curies":[{"name":"wp","href":"https:\/\/api.w.org\/{rel}","templated":true}]}}