{"id":43794,"date":"2024-03-31T23:30:53","date_gmt":"2024-03-31T23:30:53","guid":{"rendered":"http:\/\/lahora.mx\/?p=43794"},"modified":"2024-03-31T23:41:39","modified_gmt":"2024-03-31T23:41:39","slug":"eduardo-rivera-arremete-contra-morena-advierte-los-sacaran-del-gobierno","status":"publish","type":"post","link":"https:\/\/lahora.mx\/index.php\/2024\/03\/31\/eduardo-rivera-arremete-contra-morena-advierte-los-sacaran-del-gobierno\/","title":{"rendered":"Eduardo Rivera arremete contra Morena; advierte los sacar\u00e1n del gobierno"},"content":{"rendered":"\n<p>\u00abSacaremos a Morena del gobierno\u00bb, expres\u00f3 el candidato a la gubernatura del estado por la coalici\u00f3n Mejor Rumbo Para Puebla (PAN, PRI, PSI, PRD), Eduardo Rivera, durante el inicio del arranque de campa\u00f1a en la Plaza de la Victoria, en Los Fuertes.<\/p>\n\n\n\n<p>El panista estuvo acompa\u00f1ado por la candidata a la Presidencia de M\u00e9xico por la coalici\u00f3n Fuerza por M\u00e9xico, X\u00f3chitl G\u00e1lvez Ruiz, as\u00ed como por el aspirante a la presidencia municipal de Puebla, Mario Riestra Pi\u00f1a.<\/p>\n\n\n\n<p>En su mensaje, le dio la bienvenida a los morenistas inconformes que busquen trabajar de coraz\u00f3n y en unidad por el bien del estado.<\/p>\n\n\n\n<p>\u00abEsta tarea amigos y amigas va m\u00e1s all\u00e1 de partidos y aqu\u00ed caben todos, sindicatos, iglesias, sociedad civil, en esta alianza caben todos y todas que quieren trabajar con honestidad, por una mejor Puebla y M\u00e9xico\u00bb.<\/p>\n\n\n\n<p>El panista se\u00f1al\u00f3 que actualmente Puebla tiene un gobierno que no funciona, que no cumpli\u00f3 con sus promesas de transformaci\u00f3n y que solo sirve a sus propios intereses, a sus negocios privados y que antepone los \u201ccaprichos\u201d de Palacio Nacional ante las necesidades de Puebla y la gente.<\/p>\n\n\n\n<p>Eduardo Rivera tambi\u00e9n se lanz\u00f3 contra el candidato de Morena, Alejandro Armenta Mier, al se\u00f1alar que, como senador, vot\u00f3 en contra del seguro popular y a favor de desaparecer los fondos de seguridad p\u00fablica.<\/p>\n\n\n\n<p>Enfatiz\u00f3 que, en los \u00faltimos seis a\u00f1os, en lugar de avanzar, la entidad poblana ha empezado a retroceder con Morena, al destruir los sue\u00f1os de miles de poblanos y poblanas que aspiraban a vivir mejor.<\/p>\n\n\n\n<p>\u201cLos que no cumplieron su palabra tienen nombre y apellido, se llaman Morena, se llama Alejandro Armenta, \u00e9l exactamente como senador fue quien vot\u00f3 en contra del seguro popular y vot\u00f3 a favor de desaparecer los fondos para seguridad p\u00fablica de los municipios y las instancias infantiles: \u00bfcon qu\u00e9 cara se atreve hoy a ofrecer la continuidad? por eso este mal gobierno, aqu\u00ed anunciamos que ya se va se va este gobierno\u201d, expres\u00f3.<\/p>\n\n\n\n<p>Se compromete a realizar un buen gobierno<br>El candidato a la gubernatura de Puebla se\u00f1al\u00f3 que es momento de que el estado tenga un mejor rumbo en materia de seguridad, programas sociales, apoyo a la salud y educaci\u00f3n, por ello, se en caso de ganar las elecciones del 2 de junio, se comprometi\u00f3 a ser a tener un gobierno de resultados con base a la experiencia.<\/p>\n\n\n\n<p>\u201cEste es el proyecto que dar\u00e1 un rumbo seguro para estar mejor, nosotros sabremos hacerlo bien con buenos gobiernos y con buenos resultados (\u2026). Urge un rumbo distinto y hay gente que a\u00fan quiere creer en promesas incumplidas en la transformaci\u00f3n de mentiras. Nosotros les decimos: basta de promesas falsas, basta de corrupci\u00f3n, basta de incapacidad para gobernar, porque es momento de un rumbo seguro. Sacaremos a Morena del gobierno, no le tenemos miedo a Morena, ya le ganamos y le vamos a volver a ganar, amigas y amigos, por eso vamos a mandar fuera a Morena\u201d, apunt\u00f3.<\/p>\n\n\n\n<p>El panista asever\u00f3 que su victoria estar\u00e1 respaldada en las mejores propuestas e ideas para lograr un rumbo seguro, adem\u00e1s de que est\u00e1 impulsada por el coraje, la garra y la determinaci\u00f3n para defender la grandeza de Puebla.<\/p>\n\n\n\n<p>\u201cVoy al frente, voy con valent\u00eda, con seguridad y con determinaci\u00f3n para llevar a la victoria a este gran ej\u00e9rcito de ciudadanos. Nuestra victoria ser\u00e1 una realidad el pr\u00f3ximo 2 de junio y a partir del 14 de diciembre cuando tome protesta como gobernador del estado empezar\u00e1 una nueva era para Puebla, el rumbo seguro, en donde t\u00fa y tu familia estar\u00e1n mejor, vamos por la victoria\u201d, finaliz\u00f3.<\/p>\n","protected":false},"excerpt":{"rendered":"<p>\u00abSacaremos a Morena del gobierno\u00bb, expres\u00f3 el candidato a la gubernatura del estado por la coalici\u00f3n Mejor Rumbo Para Puebla (PAN, PRI, PSI, PRD), Eduardo Rivera, durante el inicio del arranque de campa\u00f1a en la Plaza de la Victoria, en Los Fuertes. El panista estuvo acompa\u00f1ado por la candidata a la Presidencia de M\u00e9xico por [&hellip;]<\/p>\n","protected":false},"author":4,"featured_media":43803,"comment_status":"open","ping_status":"open","sticky":false,"template":"","format":"standard","meta":{"om_disable_all_campaigns":false,"_monsterinsights_skip_tracking":false,"_monsterinsights_sitenote_active":false,"_monsterinsights_sitenote_note":"","_monsterinsights_sitenote_category":0,"footnotes":""},"categories":[175],"tags":[223],"class_list":["post-43794","post","type-post","status-publish","format-standard","has-post-thumbnail","hentry","category-local","tag-puebla"],"amp_enabled":true,"_links":{"self":[{"href":"https:\/\/lahora.mx\/index.php\/wp-json\/wp\/v2\/posts\/43794","targetHints":{"allow":["GET"]}}],"collection":[{"href":"https:\/\/lahora.mx\/index.php\/wp-json\/wp\/v2\/posts"}],"about":[{"href":"https:\/\/lahora.mx\/index.php\/wp-json\/wp\/v2\/types\/post"}],"author":[{"embeddable":true,"href":"https:\/\/lahora.mx\/index.php\/wp-json\/wp\/v2\/users\/4"}],"replies":[{"embeddable":true,"href":"https:\/\/lahora.mx\/index.php\/wp-json\/wp\/v2\/comments?post=43794"}],"version-history":[{"count":1,"href":"https:\/\/lahora.mx\/index.php\/wp-json\/wp\/v2\/posts\/43794\/revisions"}],"predecessor-version":[{"id":43798,"href":"https:\/\/lahora.mx\/index.php\/wp-json\/wp\/v2\/posts\/43794\/revisions\/43798"}],"wp:featuredmedia":[{"embeddable":true,"href":"https:\/\/lahora.mx\/index.php\/wp-json\/wp\/v2\/media\/43803"}],"wp:attachment":[{"href":"https:\/\/lahora.mx\/index.php\/wp-json\/wp\/v2\/media?parent=43794"}],"wp:term":[{"taxonomy":"category","embeddable":true,"href":"https:\/\/lahora.mx\/index.php\/wp-json\/wp\/v2\/categories?post=43794"},{"taxonomy":"post_tag","embeddable":true,"href":"https:\/\/lahora.mx\/index.php\/wp-json\/wp\/v2\/tags?post=43794"}],"curies":[{"name":"wp","href":"https:\/\/api.w.org\/{rel}","templated":true}]}}