{"id":43790,"date":"2024-03-31T23:20:48","date_gmt":"2024-03-31T23:20:48","guid":{"rendered":"http:\/\/lahora.mx\/?p=43790"},"modified":"2024-03-31T23:22:54","modified_gmt":"2024-03-31T23:22:54","slug":"desde-izucar-de-matamoros-claudia-sheinbaum-llama-a-votar-por-la-continuidad-de-la-4t","status":"publish","type":"post","link":"https:\/\/lahora.mx\/index.php\/2024\/03\/31\/desde-izucar-de-matamoros-claudia-sheinbaum-llama-a-votar-por-la-continuidad-de-la-4t\/","title":{"rendered":"Desde Iz\u00facar de Matamoros Claudia Sheinbaum llama a votar por la continuidad de la 4T"},"content":{"rendered":"\n<p>Claudia Sheinbaum, candidata a la Presidencia de M\u00e9xico, desde Iz\u00facar de Matamoros llam\u00f3 al voto de los simpatizantes, juntando a 10 amigos o familiares para acudir a las urnas el pr\u00f3ximo 2 de junio.<\/p>\n\n\n\n<p>Lo anterior, desde el Z\u00f3calo de la ciudad natal de Alejandro Armenta Mier, aspirante a la  gubernatura de Puebla, donde se realiz\u00f3 la segunda sede de arranque de campa\u00f1a.<\/p>\n\n\n\n<p>Sheiunbaum Pardo convoc\u00f3 a la ciudadan\u00eda a emitir el sufragio por la Cuarta Transformaci\u00f3n, pues en la boleta s\u00f3lo habr\u00e1 dos opciones, continuidad de la 4T o seguir con la corrupci\u00f3n y los privilegios del poder.<\/p>\n\n\n\n<p>Por otra parte, afirm\u00f3 que apoyar\u00e1 al candidato poblano para poner en marcha la tecnificaci\u00f3n del campo en Puebla con la instalaci\u00f3n de energ\u00eda solar para bombeo agr\u00edcola.<\/p>\n\n\n\n<p>\u00abNos vamos a poner de acuerdo, porque son muy altas las tarifas el\u00e9ctricas para el bombeo de agua, pero no s\u00f3lo es bajar las tarifas, tenemos que garantizar la energ\u00eda solar. Ya nos pusimos de acuerdo y entre Alejandro y nosotros vamos a apoyar a los agricultores para la tecnificaci\u00f3n agr\u00edcola\u00bb, asever\u00f3.<\/p>\n\n\n\n<p>Adem\u00e1s de proponer el reforzamiento del sector educativo para fomentar la creaci\u00f3n de universidades y bachilleratos en esta regi\u00f3n con la finalidad de favorecer a los j\u00f3venes con el desarrollo acad\u00e9mico sin que tengan que viajar a la capital poblana.<\/p>\n\n\n\n<p>Desde la Mixteca, la morenista afirm\u00f3 que los migrantes poblanos son quienes sostienen la econom\u00eda de Puebla, M\u00e9xico y hasta Estados Unidos, por ello los defender\u00e1.<\/p>\n\n\n\n<p>Lo anterior ante la presencia de simpatizantes y Alejandro Armenta Mier, candidato a la gubernatura de Puebla por la alianza Sigamos Haciendo Historia que arranc\u00f3 su campa\u00f1a en el z\u00f3calo de Iz\u00facar de Matamoros.<\/p>\n\n\n\n<p>Alrededor del mediod\u00eda arranc\u00f3 este mitin pol\u00edtico donde se reunieron los militantes de los partidos en coalici\u00f3n Sigamos Haciendo Historia y los coordinadores de equipo del candidato de la Cuarta Transformaci\u00f3n al gobierno de Puebla.<\/p>\n\n\n\n<p>En el evento, Ignacio Mier Velasco, abanderado al Senado por la primera f\u00f3rmula de Morena, estuvo presente en este segundo evento de arranque de campa\u00f1a, ya que en el mitin que realizaron Alejandro Armenta y Pepe Chedraui a las 12:01 horas de este domingo 31 de marzo en el Z\u00f3calo de Puebla, brill\u00f3 por su ausencia.<\/p>\n\n\n\n<p>Asistieron al mitin: Gerardo Fern\u00e1ndez Noro\u00f1a, coordinador de vocer\u00edas del equipo de trabajo de Sheinbaum; Olga Luc\u00eda Romero Garci-Crespo, dirigente estatal de Morena; Jos\u00e9 Chedraui, candidato a la alcald\u00eda de Puebla; Jaime Natale, l\u00edder estatal del PVEM; Olivia Salom\u00f3n, coordinadora nacional de enlace con el sector empresarial de la candidata presidencial.<\/p>\n\n\n\n<p>Asimismo, Liz S\u00e1nchez, candidata al Senado; Maiella G\u00f3mez Maldonado, dirigente estatal de Fuerza Por M\u00e9xico; Eduardo Castillo aspirante a la diputaci\u00f3n federal por el Distrito14; as\u00ed como Melit\u00f3n Lozano, asesor educativo de Armenta Mier.<\/p>\n","protected":false},"excerpt":{"rendered":"<p>Claudia Sheinbaum, candidata a la Presidencia de M\u00e9xico, desde Iz\u00facar de Matamoros llam\u00f3 al voto de los simpatizantes, juntando a 10 amigos o familiares para acudir a las urnas el pr\u00f3ximo 2 de junio. Lo anterior, desde el Z\u00f3calo de la ciudad natal de Alejandro Armenta Mier, aspirante a la gubernatura de Puebla, donde se [&hellip;]<\/p>\n","protected":false},"author":4,"featured_media":43791,"comment_status":"open","ping_status":"open","sticky":false,"template":"","format":"standard","meta":{"om_disable_all_campaigns":false,"_monsterinsights_skip_tracking":false,"_monsterinsights_sitenote_active":false,"_monsterinsights_sitenote_note":"","_monsterinsights_sitenote_category":0,"footnotes":""},"categories":[175,5],"tags":[128,195,223],"class_list":["post-43790","post","type-post","status-publish","format-standard","has-post-thumbnail","hentry","category-local","category-politica","tag-politics","tag-principal","tag-puebla"],"amp_enabled":true,"_links":{"self":[{"href":"https:\/\/lahora.mx\/index.php\/wp-json\/wp\/v2\/posts\/43790","targetHints":{"allow":["GET"]}}],"collection":[{"href":"https:\/\/lahora.mx\/index.php\/wp-json\/wp\/v2\/posts"}],"about":[{"href":"https:\/\/lahora.mx\/index.php\/wp-json\/wp\/v2\/types\/post"}],"author":[{"embeddable":true,"href":"https:\/\/lahora.mx\/index.php\/wp-json\/wp\/v2\/users\/4"}],"replies":[{"embeddable":true,"href":"https:\/\/lahora.mx\/index.php\/wp-json\/wp\/v2\/comments?post=43790"}],"version-history":[{"count":1,"href":"https:\/\/lahora.mx\/index.php\/wp-json\/wp\/v2\/posts\/43790\/revisions"}],"predecessor-version":[{"id":43792,"href":"https:\/\/lahora.mx\/index.php\/wp-json\/wp\/v2\/posts\/43790\/revisions\/43792"}],"wp:featuredmedia":[{"embeddable":true,"href":"https:\/\/lahora.mx\/index.php\/wp-json\/wp\/v2\/media\/43791"}],"wp:attachment":[{"href":"https:\/\/lahora.mx\/index.php\/wp-json\/wp\/v2\/media?parent=43790"}],"wp:term":[{"taxonomy":"category","embeddable":true,"href":"https:\/\/lahora.mx\/index.php\/wp-json\/wp\/v2\/categories?post=43790"},{"taxonomy":"post_tag","embeddable":true,"href":"https:\/\/lahora.mx\/index.php\/wp-json\/wp\/v2\/tags?post=43790"}],"curies":[{"name":"wp","href":"https:\/\/api.w.org\/{rel}","templated":true}]}}