{"id":43784,"date":"2024-03-31T23:09:55","date_gmt":"2024-03-31T23:09:55","guid":{"rendered":"http:\/\/lahora.mx\/?p=43784"},"modified":"2024-03-31T23:09:56","modified_gmt":"2024-03-31T23:09:56","slug":"arropa-claudia-sheinbaum-inicio-de-campana-de-alejandro-armenta","status":"publish","type":"post","link":"https:\/\/lahora.mx\/index.php\/2024\/03\/31\/arropa-claudia-sheinbaum-inicio-de-campana-de-alejandro-armenta\/","title":{"rendered":"Arropa Claudia Sheinbaum inicio de campa\u00f1a de Alejandro Armenta"},"content":{"rendered":"\n<p>Claudia Sheinbaum Pardo, candidata de Morena a la presidencia de M\u00e9xico, y Alejandro Armenta, abanderado a la gubernatura de Puebla, respectivamente, llegaron la ma\u00f1ana de este domingo al z\u00f3calo de Iz\u00facar de Matamoros para dar inicio a su campa\u00f1a electoral.<\/p>\n\n\n\n<p>Ante cientos de poblanos, Alejandro Armenta asegur\u00f3 que Sheinbaum Pardo es una mujer que tiene un sentimiento social.<\/p>\n\n\n\n<p>\u201cNaci\u00f3 de la lucha social que encabez\u00f3 nuestro presidente, conoce y sabe c\u00f3mo atender la inseguridad, ya lo demostr\u00f3 en la Ciudad de M\u00e9xico eficientemente. Es una mujer cient\u00edfica que ama el planeta, que distingue la sustentabilidad y la sostenibilidad que se necesitaba para el desarrollo de nuestro pa\u00eds\u201d, dijo.<\/p>\n","protected":false},"excerpt":{"rendered":"<p>Claudia Sheinbaum Pardo, candidata de Morena a la presidencia de M\u00e9xico, y Alejandro Armenta, abanderado a la gubernatura de Puebla, respectivamente, llegaron la ma\u00f1ana de este domingo al z\u00f3calo de Iz\u00facar de Matamoros para dar inicio a su campa\u00f1a electoral. Ante cientos de poblanos, Alejandro Armenta asegur\u00f3 que Sheinbaum Pardo es una mujer que tiene [&hellip;]<\/p>\n","protected":false},"author":4,"featured_media":43785,"comment_status":"open","ping_status":"open","sticky":false,"template":"","format":"standard","meta":{"om_disable_all_campaigns":false,"_monsterinsights_skip_tracking":false,"_monsterinsights_sitenote_active":false,"_monsterinsights_sitenote_note":"","_monsterinsights_sitenote_category":0,"footnotes":""},"categories":[175,176,5],"tags":[223],"class_list":["post-43784","post","type-post","status-publish","format-standard","has-post-thumbnail","hentry","category-local","category-nacional","category-politica","tag-puebla"],"amp_enabled":true,"_links":{"self":[{"href":"https:\/\/lahora.mx\/index.php\/wp-json\/wp\/v2\/posts\/43784","targetHints":{"allow":["GET"]}}],"collection":[{"href":"https:\/\/lahora.mx\/index.php\/wp-json\/wp\/v2\/posts"}],"about":[{"href":"https:\/\/lahora.mx\/index.php\/wp-json\/wp\/v2\/types\/post"}],"author":[{"embeddable":true,"href":"https:\/\/lahora.mx\/index.php\/wp-json\/wp\/v2\/users\/4"}],"replies":[{"embeddable":true,"href":"https:\/\/lahora.mx\/index.php\/wp-json\/wp\/v2\/comments?post=43784"}],"version-history":[{"count":1,"href":"https:\/\/lahora.mx\/index.php\/wp-json\/wp\/v2\/posts\/43784\/revisions"}],"predecessor-version":[{"id":43786,"href":"https:\/\/lahora.mx\/index.php\/wp-json\/wp\/v2\/posts\/43784\/revisions\/43786"}],"wp:featuredmedia":[{"embeddable":true,"href":"https:\/\/lahora.mx\/index.php\/wp-json\/wp\/v2\/media\/43785"}],"wp:attachment":[{"href":"https:\/\/lahora.mx\/index.php\/wp-json\/wp\/v2\/media?parent=43784"}],"wp:term":[{"taxonomy":"category","embeddable":true,"href":"https:\/\/lahora.mx\/index.php\/wp-json\/wp\/v2\/categories?post=43784"},{"taxonomy":"post_tag","embeddable":true,"href":"https:\/\/lahora.mx\/index.php\/wp-json\/wp\/v2\/tags?post=43784"}],"curies":[{"name":"wp","href":"https:\/\/api.w.org\/{rel}","templated":true}]}}