{"id":43780,"date":"2024-03-29T21:18:36","date_gmt":"2024-03-29T21:18:36","guid":{"rendered":"http:\/\/lahora.mx\/?p=43780"},"modified":"2024-03-29T21:18:36","modified_gmt":"2024-03-29T21:18:36","slug":"reportan-incendio-en-bosque-de-la-calera","status":"publish","type":"post","link":"https:\/\/lahora.mx\/index.php\/2024\/03\/29\/reportan-incendio-en-bosque-de-la-calera\/","title":{"rendered":"Reportan incendio en Bosque de la Calera"},"content":{"rendered":"\n<p>La ma\u00f1ana de este viernes 29 de marzo, vecinos y automovilistas reportaron un incendio en la zona del Bosque La Calera, por lo que solicitaron la presencia de las autoridades correspondientes.<\/p>\n\n\n\n<p>Cabe se\u00f1alar que esta no es la primera vez que se reporta un siniestro en la regi\u00f3n, pues hace una semana se registr\u00f3 un hecho similar. Los habitantes apuntaron que las responsables ser\u00edan empresas inmobiliarias.<\/p>\n\n\n\n<p>Las llamas del predio, ubicado cerca de la Zona Militar, eran visibles desde varias vialidades; adem\u00e1s, de acuerdo con los pobladores del lugar, el fuego podr\u00eda extenderse hasta los fraccionamientos cercanos.<\/p>\n\n\n\n<p>Por lo anterior, se pidi\u00f3 la presencia del personal del Ayuntamiento de Puebla, Bomberos, la Secretar\u00eda de Gobernaci\u00f3n, Secretaria de Medio Ambiente y la Secretar\u00eda de Medio Ambiente y Recursos Naturales (Semarnat).<\/p>\n\n\n\n<p>Sin embargo, hasta el momento ninguna autoridad se ha pronunciado al respecto. Tampoco se ha informado que hayan hecho acto de presencia en la zona.<\/p>\n\n\n\n<p>En redes sociales, la diputada local Guadalupe Leal Rodr\u00edguez record\u00f3 que este no es el \u00fanico incendio que se ha registrado en el Bosque La Calera y exigi\u00f3 su atenci\u00f3n inmediata para evitar da\u00f1os a la flora y fauna del lugar.<\/p>\n\n\n\n<p>De acuerdo con los vecinos, los siniestros, presuntamente, son provocados por empresas inmobiliarias para \u00ablimpiar los terrenos\u00bb, para poder construir en un futuro.<\/p>\n","protected":false},"excerpt":{"rendered":"<p>La ma\u00f1ana de este viernes 29 de marzo, vecinos y automovilistas reportaron un incendio en la zona del Bosque La Calera, por lo que solicitaron la presencia de las autoridades correspondientes. Cabe se\u00f1alar que esta no es la primera vez que se reporta un siniestro en la regi\u00f3n, pues hace una semana se registr\u00f3 un [&hellip;]<\/p>\n","protected":false},"author":4,"featured_media":43781,"comment_status":"open","ping_status":"open","sticky":false,"template":"","format":"standard","meta":{"om_disable_all_campaigns":false,"_monsterinsights_skip_tracking":false,"_monsterinsights_sitenote_active":false,"_monsterinsights_sitenote_note":"","_monsterinsights_sitenote_category":0,"footnotes":""},"categories":[175],"tags":[223],"class_list":["post-43780","post","type-post","status-publish","format-standard","has-post-thumbnail","hentry","category-local","tag-puebla"],"amp_enabled":true,"_links":{"self":[{"href":"https:\/\/lahora.mx\/index.php\/wp-json\/wp\/v2\/posts\/43780","targetHints":{"allow":["GET"]}}],"collection":[{"href":"https:\/\/lahora.mx\/index.php\/wp-json\/wp\/v2\/posts"}],"about":[{"href":"https:\/\/lahora.mx\/index.php\/wp-json\/wp\/v2\/types\/post"}],"author":[{"embeddable":true,"href":"https:\/\/lahora.mx\/index.php\/wp-json\/wp\/v2\/users\/4"}],"replies":[{"embeddable":true,"href":"https:\/\/lahora.mx\/index.php\/wp-json\/wp\/v2\/comments?post=43780"}],"version-history":[{"count":1,"href":"https:\/\/lahora.mx\/index.php\/wp-json\/wp\/v2\/posts\/43780\/revisions"}],"predecessor-version":[{"id":43782,"href":"https:\/\/lahora.mx\/index.php\/wp-json\/wp\/v2\/posts\/43780\/revisions\/43782"}],"wp:featuredmedia":[{"embeddable":true,"href":"https:\/\/lahora.mx\/index.php\/wp-json\/wp\/v2\/media\/43781"}],"wp:attachment":[{"href":"https:\/\/lahora.mx\/index.php\/wp-json\/wp\/v2\/media?parent=43780"}],"wp:term":[{"taxonomy":"category","embeddable":true,"href":"https:\/\/lahora.mx\/index.php\/wp-json\/wp\/v2\/categories?post=43780"},{"taxonomy":"post_tag","embeddable":true,"href":"https:\/\/lahora.mx\/index.php\/wp-json\/wp\/v2\/tags?post=43780"}],"curies":[{"name":"wp","href":"https:\/\/api.w.org\/{rel}","templated":true}]}}