{"id":43774,"date":"2024-03-29T21:06:06","date_gmt":"2024-03-29T21:06:06","guid":{"rendered":"http:\/\/lahora.mx\/?p=43774"},"modified":"2024-03-29T21:06:06","modified_gmt":"2024-03-29T21:06:06","slug":"joven-termina-con-cerebro-inflamado-tras-partido-de-futbol-en-teziutlan","status":"publish","type":"post","link":"https:\/\/lahora.mx\/index.php\/2024\/03\/29\/joven-termina-con-cerebro-inflamado-tras-partido-de-futbol-en-teziutlan\/","title":{"rendered":"Joven termina con cerebro inflamado tras partido de futbol en Teziutl\u00e1n"},"content":{"rendered":"\n<p>Una madre de familia denunci\u00f3 que su hijo fue agredido por otro menor durante un partido de f\u00fatbol, en Teziutl\u00e1n. Las lesiones que le provocaron le han impedido ir a la escuela. El menor presenta inflamaci\u00f3n en el cerebro, seg\u00fan relat\u00f3 la madre, Alma Alicia Osorio.<\/p>\n\n\n\n<p>Hasta el momento ninguna autoridad le ha apoyado en este asunto. La madre del agresor hab\u00eda acordado pagar los gastos m\u00e9dicos, sin embargo, solo dio 1600 pesos.<\/p>\n\n\n\n<p>\u201cSe mand\u00f3 a traer de la mam\u00e1 dijo que s\u00ed qu\u00e9 me va a ayudar solo con la mitad y solo me dio 1600 pesos, pero se ha tardado y hab\u00edamos quedado en un acuerdo que me lo iba a dar para tal d\u00eda, no me lo dio, yo me mov\u00ed de otra manera le hice radiograf\u00eda a mi hijo, ahorita me mandaron a hacer tomograf\u00eda porque tiene inflamaci\u00f3n del cerebro, ayer lo llev\u00e9 a curaciones y sigue mal\u201d.<\/p>\n\n\n\n<p>Los hechos ocurrieron el pasado domingo 17 de marzo a las 09:00 horas, durante un encuentro de f\u00fatbol en la cancha que se encuentra en los l\u00edmites de San Diego y Acateno. \u00d3scar N empez\u00f3 a provocar e insultar a Rafael Pineda Osorio al grado de sacarlo a la calle provocando una ri\u00f1a que lleg\u00f3 a los golpes, fue all\u00ed cuando Oscar N sac\u00f3 una manopla de metal golpeando a Rafael en la cabeza al grado de abrirle y provocar sangrado. Rafael tuvo que ser llevado a la cl\u00ednica de San Diego para que le brindaran asistencia m\u00e9dica, por una lesi\u00f3n con sutura en la cabeza, adem\u00e1s de mareos y fuertes dolores de cabeza.<\/p>\n\n\n\n<p>La madre, Alma Alicia Osorio, interpuso una denuncia con el juez de paz Pedro de Jes\u00fas M\u00e9ndez Romero, qui\u00e9n le levantar\u00eda un acta de hechos. La demandante dijo que, a pesar de haber encarado a la madre del menor agresor, ella no se ha hecho cargo de los gastos m\u00e9dicos.<\/p>\n\n\n\n<p>Las autoridades no han hecho caso a su demanda por lo que teme por la integridad de su hijo, y denuncio tr\u00e1fico de influencias, ya que la madre de Oscar, dijo que no le importa llegar a otras instancias.<\/p>\n\n\n\n<p>Sobre la ri\u00f1a, existe un v\u00eddeo donde otros j\u00f3venes grabaron los hechos, pero nadie lo impidi\u00f3.<\/p>\n\n\n\n<p>De acuerdo con lo relatado por la se\u00f1ora, la manopla de metal que el ni\u00f1o portaba le fue proporcionada por su madre, quien se la hab\u00eda comprado en d\u00edas pasados a petici\u00f3n de su hijo. Se pide justicia por este lamentable hecho, pues a\u00fan el agredido mantiene secuelas por la agresi\u00f3n.<\/p>\n\n\n\n<p>Exigen a las autoridades e instancias correspondientes, de deportes, seguridad p\u00fablica y a quienes se encargan de dar los permisos para la realizaci\u00f3n de eventos deportivos, a que se investigue la falta de seguridad porque no es la primera vez que sucede este este tipo de incidentes.<\/p>\n\n\n\n<p>La se\u00f1ora Alma expres\u00f3 que no es posible que en este tipo de actividades no exista seguridad. \u00abNo exista revisi\u00f3n a la entrada de los partidos de f\u00fatbol y que sean menores los que porten este tipo de armas\u00bb. La exigencia es que realicen las investigaciones pertinentes, a fin de esclarecer qui\u00e9n estuvo a cargo de la seguridad del partido de ese domingo, y por otro lado a que se responsabilice a la madre del agresor y su hijo por las lesiones provocadas al menor Rafael. Hasta el momento, el agraviado presenta inflamaci\u00f3n en el cerebro y nadie ha dado respuesta al respecto, adem\u00e1s nadie ha solventado los gastos m\u00e9dicos, expres\u00f3 la madre.<\/p>\n","protected":false},"excerpt":{"rendered":"<p>Una madre de familia denunci\u00f3 que su hijo fue agredido por otro menor durante un partido de f\u00fatbol, en Teziutl\u00e1n. Las lesiones que le provocaron le han impedido ir a la escuela. El menor presenta inflamaci\u00f3n en el cerebro, seg\u00fan relat\u00f3 la madre, Alma Alicia Osorio. Hasta el momento ninguna autoridad le ha apoyado en [&hellip;]<\/p>\n","protected":false},"author":4,"featured_media":43775,"comment_status":"open","ping_status":"open","sticky":false,"template":"","format":"standard","meta":{"om_disable_all_campaigns":false,"_monsterinsights_skip_tracking":false,"_monsterinsights_sitenote_active":false,"_monsterinsights_sitenote_note":"","_monsterinsights_sitenote_category":0,"footnotes":""},"categories":[175],"tags":[223],"class_list":["post-43774","post","type-post","status-publish","format-standard","has-post-thumbnail","hentry","category-local","tag-puebla"],"amp_enabled":true,"_links":{"self":[{"href":"https:\/\/lahora.mx\/index.php\/wp-json\/wp\/v2\/posts\/43774","targetHints":{"allow":["GET"]}}],"collection":[{"href":"https:\/\/lahora.mx\/index.php\/wp-json\/wp\/v2\/posts"}],"about":[{"href":"https:\/\/lahora.mx\/index.php\/wp-json\/wp\/v2\/types\/post"}],"author":[{"embeddable":true,"href":"https:\/\/lahora.mx\/index.php\/wp-json\/wp\/v2\/users\/4"}],"replies":[{"embeddable":true,"href":"https:\/\/lahora.mx\/index.php\/wp-json\/wp\/v2\/comments?post=43774"}],"version-history":[{"count":1,"href":"https:\/\/lahora.mx\/index.php\/wp-json\/wp\/v2\/posts\/43774\/revisions"}],"predecessor-version":[{"id":43776,"href":"https:\/\/lahora.mx\/index.php\/wp-json\/wp\/v2\/posts\/43774\/revisions\/43776"}],"wp:featuredmedia":[{"embeddable":true,"href":"https:\/\/lahora.mx\/index.php\/wp-json\/wp\/v2\/media\/43775"}],"wp:attachment":[{"href":"https:\/\/lahora.mx\/index.php\/wp-json\/wp\/v2\/media?parent=43774"}],"wp:term":[{"taxonomy":"category","embeddable":true,"href":"https:\/\/lahora.mx\/index.php\/wp-json\/wp\/v2\/categories?post=43774"},{"taxonomy":"post_tag","embeddable":true,"href":"https:\/\/lahora.mx\/index.php\/wp-json\/wp\/v2\/tags?post=43774"}],"curies":[{"name":"wp","href":"https:\/\/api.w.org\/{rel}","templated":true}]}}