{"id":43771,"date":"2024-03-29T20:56:39","date_gmt":"2024-03-29T20:56:39","guid":{"rendered":"http:\/\/lahora.mx\/?p=43771"},"modified":"2024-03-29T20:56:40","modified_gmt":"2024-03-29T20:56:40","slug":"viernes-santo-regalan-alimentos-por-manda-ante-el-senor-de-las-maravillas","status":"publish","type":"post","link":"https:\/\/lahora.mx\/index.php\/2024\/03\/29\/viernes-santo-regalan-alimentos-por-manda-ante-el-senor-de-las-maravillas\/","title":{"rendered":"Viernes Santo: regalan alimentos por manda ante el Se\u00f1or de las Maravillas"},"content":{"rendered":"\n<p>Como cada a\u00f1o, el Viernes Santo la calle 5 de Mayo, as\u00ed como la 18 Poniente se llenan de fe, pues cientos de feligreses agradecen y visitan al Se\u00f1or de las Maravillas en el templo de Santa M\u00f3nica, una imagen religiosa venerada por los cat\u00f3licos que ha cumplido un sinf\u00edn de milagros.<\/p>\n\n\n\n<p>Alrededor de las 05:00 de la ma\u00f1ana los fieles acudieron al templo de Santa M\u00f3nica para formarse y esperar a la venerada imagen que participa en la Procesi\u00f3n de Viernes Santo. Su objetivo, fue pedirle un milagro, una gu\u00eda o un apoyo frente a una situaci\u00f3n complicada.<\/p>\n\n\n\n<p>\u00abViva el Se\u00f1or de las Maravillas\u00bb, \u00abse ve, se siente, Jes\u00fas est\u00e1 presente\u00bb, fueron parte de las porras que se escucharon a las afueras del templo.<\/p>\n\n\n\n<p>Para que su petici\u00f3n se cumpla, llevaron arreglos de flores, velas, y muchos sue\u00f1os en su coraz\u00f3n.<\/p>\n\n\n\n<p>Algunos m\u00e1s obsequiaron alimentos y agua como parte de una manda al Se\u00f1or de las Maravillas por conceder el milagro de la salud a varios familiares que estuvieron delicados.<\/p>\n\n\n\n<p>As\u00ed como regalaron comida en forma de agradecimiento, llegaron personas que entregaron varios art\u00edculos porque el Se\u00f1or de las Maravillas les cumpli\u00f3 un milagro y su promesa fue que regresar\u00edan a dar un obsequio a los fieles. Distribuyeron llaveros, playeras, vasos, pulseras, entre otros productos.<\/p>\n\n\n\n<p>Algunos le pidieron al Se\u00f1or de las Maravillas un mejor trabajo, despedirse de una enfermedad, una mejor situaci\u00f3n econ\u00f3mica, entre muchos otros ruegos.<\/p>\n","protected":false},"excerpt":{"rendered":"<p>Como cada a\u00f1o, el Viernes Santo la calle 5 de Mayo, as\u00ed como la 18 Poniente se llenan de fe, pues cientos de feligreses agradecen y visitan al Se\u00f1or de las Maravillas en el templo de Santa M\u00f3nica, una imagen religiosa venerada por los cat\u00f3licos que ha cumplido un sinf\u00edn de milagros. Alrededor de las [&hellip;]<\/p>\n","protected":false},"author":4,"featured_media":43772,"comment_status":"open","ping_status":"open","sticky":false,"template":"","format":"standard","meta":{"om_disable_all_campaigns":false,"_monsterinsights_skip_tracking":false,"_monsterinsights_sitenote_active":false,"_monsterinsights_sitenote_note":"","_monsterinsights_sitenote_category":0,"footnotes":""},"categories":[175],"tags":[223],"class_list":["post-43771","post","type-post","status-publish","format-standard","has-post-thumbnail","hentry","category-local","tag-puebla"],"amp_enabled":true,"_links":{"self":[{"href":"https:\/\/lahora.mx\/index.php\/wp-json\/wp\/v2\/posts\/43771","targetHints":{"allow":["GET"]}}],"collection":[{"href":"https:\/\/lahora.mx\/index.php\/wp-json\/wp\/v2\/posts"}],"about":[{"href":"https:\/\/lahora.mx\/index.php\/wp-json\/wp\/v2\/types\/post"}],"author":[{"embeddable":true,"href":"https:\/\/lahora.mx\/index.php\/wp-json\/wp\/v2\/users\/4"}],"replies":[{"embeddable":true,"href":"https:\/\/lahora.mx\/index.php\/wp-json\/wp\/v2\/comments?post=43771"}],"version-history":[{"count":1,"href":"https:\/\/lahora.mx\/index.php\/wp-json\/wp\/v2\/posts\/43771\/revisions"}],"predecessor-version":[{"id":43773,"href":"https:\/\/lahora.mx\/index.php\/wp-json\/wp\/v2\/posts\/43771\/revisions\/43773"}],"wp:featuredmedia":[{"embeddable":true,"href":"https:\/\/lahora.mx\/index.php\/wp-json\/wp\/v2\/media\/43772"}],"wp:attachment":[{"href":"https:\/\/lahora.mx\/index.php\/wp-json\/wp\/v2\/media?parent=43771"}],"wp:term":[{"taxonomy":"category","embeddable":true,"href":"https:\/\/lahora.mx\/index.php\/wp-json\/wp\/v2\/categories?post=43771"},{"taxonomy":"post_tag","embeddable":true,"href":"https:\/\/lahora.mx\/index.php\/wp-json\/wp\/v2\/tags?post=43771"}],"curies":[{"name":"wp","href":"https:\/\/api.w.org\/{rel}","templated":true}]}}