{"id":43768,"date":"2024-03-29T20:51:51","date_gmt":"2024-03-29T20:51:51","guid":{"rendered":"http:\/\/lahora.mx\/?p=43768"},"modified":"2024-03-29T20:51:52","modified_gmt":"2024-03-29T20:51:52","slug":"eduardo-rivera-y-xochitl-galvez-caminaran-por-texmelucan-en-inicio-campana","status":"publish","type":"post","link":"https:\/\/lahora.mx\/index.php\/2024\/03\/29\/eduardo-rivera-y-xochitl-galvez-caminaran-por-texmelucan-en-inicio-campana\/","title":{"rendered":"Eduardo Rivera y X\u00f3chitl G\u00e1lvez caminar\u00e1n por Texmelucan en inicio campa\u00f1a"},"content":{"rendered":"\n<p>En compa\u00f1\u00eda de X\u00f3chitl G\u00e1lvez Ruiz, candidata a la presidencia del pa\u00eds, Eduardo Rivera P\u00e9rez, que compite por la gubernatura del estado de Puebla por la alianza Mejor Rumbo para Puebla, recorrer\u00e1 San Mart\u00edn Texmelucan en una caminata el pr\u00f3ximo 31 de marzo, como parte de su inicio campa\u00f1a oficial.<\/p>\n\n\n\n<p>El andar de los pol\u00edticos militantes del Partido Acci\u00f3n Nacional (PAN) comenzar\u00e1 a las 16:00 horas del d\u00eda domingo en Santa Mar\u00eda Moyotzingo, en la denominada Tienda Grande del centro de la localidad, y concluir\u00e1 en la Plaza Principal de San Baltazar Temaxcalac, sobre la calle Benito Ju\u00e1rez en su intersecci\u00f3n con 16 de Septiembre, de la colonia Centro.<\/p>\n\n\n\n<p>Rivera P\u00e9rez indic\u00f3 que la visita al municipio poblano se da debido a que en la zona existe una alta incidencia delictiva, que es uno de los principales temas a resolver, de acuerdo con las propuestas de gobernanza del exedil capitalino.<\/p>\n\n\n\n<p>En un spot publicado en las redes sociales del candidato panista, Rivera P\u00e9rez asegur\u00f3 que en las \u00faltimas semanas recorri\u00f3 todo el estado de Puebla y escuch\u00f3 las problem\u00e1ticas que los habitantes de los 217 municipios tienen en su d\u00eda a d\u00eda.<\/p>\n\n\n\n<p>En el video, se\u00f1al\u00f3 que a los poblanos se les prometieron mejoras en servicios de salud, as\u00ed como apoyos al campo y sin embargo no les cumplieron, por lo que asever\u00f3 \u201cmuy pronto\u201d presentar\u00e1 a la ciudadan\u00eda poblana \u201cotro camino y otro rumbo para Puebla\u201d.<\/p>\n","protected":false},"excerpt":{"rendered":"<p>En compa\u00f1\u00eda de X\u00f3chitl G\u00e1lvez Ruiz, candidata a la presidencia del pa\u00eds, Eduardo Rivera P\u00e9rez, que compite por la gubernatura del estado de Puebla por la alianza Mejor Rumbo para Puebla, recorrer\u00e1 San Mart\u00edn Texmelucan en una caminata el pr\u00f3ximo 31 de marzo, como parte de su inicio campa\u00f1a oficial. El andar de los pol\u00edticos [&hellip;]<\/p>\n","protected":false},"author":4,"featured_media":43769,"comment_status":"open","ping_status":"open","sticky":false,"template":"","format":"standard","meta":{"om_disable_all_campaigns":false,"_monsterinsights_skip_tracking":false,"_monsterinsights_sitenote_active":false,"_monsterinsights_sitenote_note":"","_monsterinsights_sitenote_category":0,"footnotes":""},"categories":[175],"tags":[223],"class_list":["post-43768","post","type-post","status-publish","format-standard","has-post-thumbnail","hentry","category-local","tag-puebla"],"amp_enabled":true,"_links":{"self":[{"href":"https:\/\/lahora.mx\/index.php\/wp-json\/wp\/v2\/posts\/43768","targetHints":{"allow":["GET"]}}],"collection":[{"href":"https:\/\/lahora.mx\/index.php\/wp-json\/wp\/v2\/posts"}],"about":[{"href":"https:\/\/lahora.mx\/index.php\/wp-json\/wp\/v2\/types\/post"}],"author":[{"embeddable":true,"href":"https:\/\/lahora.mx\/index.php\/wp-json\/wp\/v2\/users\/4"}],"replies":[{"embeddable":true,"href":"https:\/\/lahora.mx\/index.php\/wp-json\/wp\/v2\/comments?post=43768"}],"version-history":[{"count":1,"href":"https:\/\/lahora.mx\/index.php\/wp-json\/wp\/v2\/posts\/43768\/revisions"}],"predecessor-version":[{"id":43770,"href":"https:\/\/lahora.mx\/index.php\/wp-json\/wp\/v2\/posts\/43768\/revisions\/43770"}],"wp:featuredmedia":[{"embeddable":true,"href":"https:\/\/lahora.mx\/index.php\/wp-json\/wp\/v2\/media\/43769"}],"wp:attachment":[{"href":"https:\/\/lahora.mx\/index.php\/wp-json\/wp\/v2\/media?parent=43768"}],"wp:term":[{"taxonomy":"category","embeddable":true,"href":"https:\/\/lahora.mx\/index.php\/wp-json\/wp\/v2\/categories?post=43768"},{"taxonomy":"post_tag","embeddable":true,"href":"https:\/\/lahora.mx\/index.php\/wp-json\/wp\/v2\/tags?post=43768"}],"curies":[{"name":"wp","href":"https:\/\/api.w.org\/{rel}","templated":true}]}}